{"id":3648,"date":"2017-10-08T17:10:35","date_gmt":"2017-10-08T15:10:35","guid":{"rendered":"http:\/\/www.fundaciolluiscoromina.org\/?p=3648"},"modified":"2017-10-08T17:10:35","modified_gmt":"2017-10-08T15:10:35","slug":"cicle-de-concerts-de-musica-improvisada-a-lespai-eat-art-amb-phicus-martin-kuchen-duot-florian-stoffner-i-tom-chant","status":"publish","type":"post","link":"http:\/\/fundaciolluiscoromina.org\/index.php\/2017\/10\/08\/cicle-de-concerts-de-musica-improvisada-a-lespai-eat-art-amb-phicus-martin-kuchen-duot-florian-stoffner-i-tom-chant\/","title":{"rendered":"Cicle de concerts de m\u00fasica improvisada a l&#8217;Espai Eat Art amb Phicus + Martin K\u00fcchen, Duot + Florian Stoffner i Tom Chant"},"content":{"rendered":"<p>L&#8217;Espai Eat Art fa un pas m\u00e9s per consolidar-se com a sala del circuit de la m\u00fasica improvisada europea. Despr\u00e9s de gaireb\u00e9 sis anys de fer concerts espor\u00e0dics, aquesta vegada presenta un cicle de tres concerts de grans figures de l&#8217;escena internacional. Martin K\u00fcchen \u00e9s, sens dubte, un dels saxofonistes europeus del moment, i el t\u00e0ndem amb Phicus (trio resident a Barcelona) crear\u00e0 de ben segur una sinergia sonora que fluir\u00e0 des del primer moment. DUOT torna a visitar l&#8217;Espai Eat Art, aquesta vegada amb el guitarrista de Su\u00efssa Florian Stoffner, al bell mig d&#8217;una gira que els portar\u00e0 per tot el territori espanyol i su\u00eds. I clour\u00e0 el cicle un concert de saxo solo. Tom Chant \u00e9s un dels improvisadors de l&#8217;escena de Londres que m\u00e9s ha remogut el terreny improvisador. El cicle est\u00e0 organitzat pel Taller de M\u00fasica de Banyoles i la Fundaci\u00f3 Llu\u00eds Coromina.<\/p>\n<p><strong>PHICUS + MARTIN K\u00dcCHEN<\/strong><br \/>\nDIVENDRES 13 OCTUBRE<br \/>\n21 h<br \/>\n5 euros<\/p>\n<p>Martin K\u00fcchen &#8211; saxo<br \/>\nFerran Fages &#8211; guitarra<br \/>\n\u00c0lex Reviriego &#8211; contrabaix<br \/>\nVasco Trilla &#8211; bateria<\/p>\n<p><strong>DUOT + FLORIAN STOFFNER<\/strong><br \/>\nDIUMENGE 19 DE NOVEMBRE<br \/>\n18.30 h<br \/>\n5 euros<\/p>\n<p>Florian Stoffner &#8211; guitarra<br \/>\nAlbert Cirera &#8211; saxo<br \/>\nRamon Prats &#8211; bateria<\/p>\n<p><strong>TOM CHANT<\/strong><br \/>\nDIUMENGE 17 DE DESEMBRE<br \/>\n18.30 h<br \/>\n5 euros<\/p>\n<p>Tom Chant &#8211; saxo<\/p>\n","protected":false},"excerpt":{"rendered":"<p>L&#8217;Espai Eat Art fa un pas m\u00e9s per consolidar-se com a sala del circuit de la m\u00fasica improvisada europea. Despr\u00e9s &#8230;<\/p>\n","protected":false},"author":2,"featured_media":3650,"comment_status":"open","ping_status":"open","sticky":false,"template":"","format":"standard","meta":{"footnotes":""},"categories":[10],"tags":[],"class_list":["post-3648","post","type-post","status-publish","format-standard","has-post-thumbnail","hentry","category-activitats"],"_links":{"self":[{"href":"http:\/\/fundaciolluiscoromina.org\/index.php\/wp-json\/wp\/v2\/posts\/3648","targetHints":{"allow":["GET"]}}],"collection":[{"href":"http:\/\/fundaciolluiscoromina.org\/index.php\/wp-json\/wp\/v2\/posts"}],"about":[{"href":"http:\/\/fundaciolluiscoromina.org\/index.php\/wp-json\/wp\/v2\/types\/post"}],"author":[{"embeddable":true,"href":"http:\/\/fundaciolluiscoromina.org\/index.php\/wp-json\/wp\/v2\/users\/2"}],"replies":[{"embeddable":true,"href":"http:\/\/fundaciolluiscoromina.org\/index.php\/wp-json\/wp\/v2\/comments?post=3648"}],"version-history":[{"count":0,"href":"http:\/\/fundaciolluiscoromina.org\/index.php\/wp-json\/wp\/v2\/posts\/3648\/revisions"}],"wp:attachment":[{"href":"http:\/\/fundaciolluiscoromina.org\/index.php\/wp-json\/wp\/v2\/media?parent=3648"}],"wp:term":[{"taxonomy":"category","embeddable":true,"href":"http:\/\/fundaciolluiscoromina.org\/index.php\/wp-json\/wp\/v2\/categories?post=3648"},{"taxonomy":"post_tag","embeddable":true,"href":"http:\/\/fundaciolluiscoromina.org\/index.php\/wp-json\/wp\/v2\/tags?post=3648"}],"curies":[{"name":"wp","href":"https:\/\/api.w.org\/{rel}","templated":true}]}}