{"id":3655,"date":"2017-10-27T11:24:40","date_gmt":"2017-10-27T09:24:40","guid":{"rendered":"http:\/\/www.fundaciolluiscoromina.org\/?p=3655"},"modified":"2017-10-27T11:24:40","modified_gmt":"2017-10-27T09:24:40","slug":"josep-bartoli-els-carrers-seran-sempre-nostres-al-centre-cultural-terrassa","status":"publish","type":"post","link":"http:\/\/fundaciolluiscoromina.org\/index.php\/2017\/10\/27\/josep-bartoli-els-carrers-seran-sempre-nostres-al-centre-cultural-terrassa\/","title":{"rendered":"Josep Bartol\u00ed: &#8216;Els carrers seran sempre nostres&#8217; al Centre Cultural Terrassa"},"content":{"rendered":"<p>Aquest dijous 2 de novembre s&#8217;inaugura l&#8217;exposici\u00f3 <em>Els carrers seran sempre nostres<\/em>, de Josep Bartol\u00ed, al Centre Cultural Terrassa, que es podr\u00e0 veure fins al diumenge 3 de desembre, i en qu\u00e8 col\u00b7labora la Fundaci\u00f3 Llu\u00eds Coromina.<\/p>\n<p>Josep Bartol\u00ed, com Josep Renau, Carles Fontser\u00e8, Antoni Clav\u00e9, Miquel Paredes i Josep de Creeft, entre d&#8217;altres, \u00e9s de la generaci\u00f3 d\u2019artistes catalans que es va haver d\u2019exiliar per haver combatut a favor de la rep\u00fablica durant la guerra civil espanyola del 1936-1939.<\/p>\n<p>Vitalista de pro, primer es va exiliar a Fran\u00e7a, on va con\u00e8ixer l\u2019horror dels camps de refugiats, fins al posterior trasllat a M\u00e8xic, on va connectar amb tot el cercle de muralistes mexicans compromesos i revolucionaris i, arrel d\u2019aquest lligam, va tenir una sonada relaci\u00f3 sentimental amb l\u2019artista Frida Kahlo, un dels referents de l\u2019art del segle XX. El seu exili va continuar fins al Estats Units, pa\u00eds on acabaria casant-se i residint-hi fins a la seva mort a Nova York, el desembre del 1995. A Nova York va estar en relaci\u00f3 permanent amb Carles Fontser\u00e8 i Josep de Creeft. Nascut a Barcelona el 1910, la seva vida fou un exili constant i va portar al l\u00edmits la rauxa i seny a favor de les lluites i transformacions socials.<\/p>\n<p>L\u2019obra de Josep Bartol\u00ed es particularitza per un expressionisme, d\u2019her\u00e8ncia centreeuropea, desbordant, pot\u00e8ncia crom\u00e0tica esclantant, textures i collages juganers a les pintures.<\/p>\n<p>L\u2019exposici\u00f3 est\u00e0 concebuda en diferents blocs tem\u00e0tics prenent el concepte de p\u00edxel i de collage com a eix visual integrador. S\u2019hi exhibaran tres pintures de gran format, propietat de la Generalitat de Catalunya, i, paral\u00b7lelament es dur\u00e0 a terme un muntatge on s\u2019exposaran tot de quadres i dibuixos concentrats com si representessin un quadre de quadres, en format de gran mural urb\u00e0. Per complementar l\u2019exposici\u00f3 hi haur\u00e0 documentaci\u00f3 i llibres il\u00b7lustrats de l\u2019autor, aix\u00ed com un documental in\u00e8dit on es d\u00f3na la visi\u00f3 art\u00edstica de l\u2019artista.<\/p>\n<p>Un muntatge que busca l\u2019est\u00e8tica dels p\u00edxels, tot apel\u00b7lant al carrer i les parets murals com a s\u00edmbols, com els grans espais aparadors de difusi\u00f3 de les idees pol\u00edtiques de tots els temps. \u201cEls carrers sempre seran nostres\u201d era un lema que durant la guerra civil espanyola els republicans van entonar amb for\u00e7a i que els temps moderns ens empenyen a tornar a emprar amb vehem\u00e8ncia, pacifisme i intel\u00b7lig\u00e8ncia.<\/p>\n<p>&nbsp;<\/p>\n","protected":false},"excerpt":{"rendered":"<p>Aquest dijous 2 de novembre s&#8217;inaugura l&#8217;exposici\u00f3 Els carrers seran sempre nostres, de Josep Bartol\u00ed, al Centre Cultural Terrassa, que &#8230;<\/p>\n","protected":false},"author":2,"featured_media":3657,"comment_status":"open","ping_status":"open","sticky":false,"template":"","format":"standard","meta":{"footnotes":""},"categories":[10],"tags":[],"class_list":["post-3655","post","type-post","status-publish","format-standard","has-post-thumbnail","hentry","category-activitats"],"_links":{"self":[{"href":"http:\/\/fundaciolluiscoromina.org\/index.php\/wp-json\/wp\/v2\/posts\/3655","targetHints":{"allow":["GET"]}}],"collection":[{"href":"http:\/\/fundaciolluiscoromina.org\/index.php\/wp-json\/wp\/v2\/posts"}],"about":[{"href":"http:\/\/fundaciolluiscoromina.org\/index.php\/wp-json\/wp\/v2\/types\/post"}],"author":[{"embeddable":true,"href":"http:\/\/fundaciolluiscoromina.org\/index.php\/wp-json\/wp\/v2\/users\/2"}],"replies":[{"embeddable":true,"href":"http:\/\/fundaciolluiscoromina.org\/index.php\/wp-json\/wp\/v2\/comments?post=3655"}],"version-history":[{"count":0,"href":"http:\/\/fundaciolluiscoromina.org\/index.php\/wp-json\/wp\/v2\/posts\/3655\/revisions"}],"wp:attachment":[{"href":"http:\/\/fundaciolluiscoromina.org\/index.php\/wp-json\/wp\/v2\/media?parent=3655"}],"wp:term":[{"taxonomy":"category","embeddable":true,"href":"http:\/\/fundaciolluiscoromina.org\/index.php\/wp-json\/wp\/v2\/categories?post=3655"},{"taxonomy":"post_tag","embeddable":true,"href":"http:\/\/fundaciolluiscoromina.org\/index.php\/wp-json\/wp\/v2\/tags?post=3655"}],"curies":[{"name":"wp","href":"https:\/\/api.w.org\/{rel}","templated":true}]}}