{"id":3665,"date":"2017-10-30T17:14:26","date_gmt":"2017-10-30T16:14:26","guid":{"rendered":"http:\/\/www.fundaciolluiscoromina.org\/?p=3665"},"modified":"2017-10-30T17:14:26","modified_gmt":"2017-10-30T16:14:26","slug":"la-lenta-agonia-de-lluis-xiv-a-lespai-eat-art-de-la-ma-dalbert-serra","status":"publish","type":"post","link":"http:\/\/fundaciolluiscoromina.org\/index.php\/2017\/10\/30\/la-lenta-agonia-de-lluis-xiv-a-lespai-eat-art-de-la-ma-dalbert-serra\/","title":{"rendered":"La lenta agonia de Llu\u00eds XIV, a l&#8217;Espai Eat Art de la m\u00e0 d&#8217;Albert Serra"},"content":{"rendered":"<p>Des d&#8217;aquest divendres 3 de novembre fins al dissabte 2 de desembre la Fundaci\u00f3 Llu\u00eds Coromina acull l&#8217;exposici\u00f3 de l&#8217;artista i realitzador Albert Serra <em>Roi Soleil, <\/em>una v\u00eddeo-instal\u00b7laci\u00f3 amb una sola pantalla amb una obra de seixanta-un minuts de durada.<\/p>\n<p>L&#8217;obra parteix de les imatges que l&#8217;artista va rodar en una performance que li va encarregar la Galeria Gra\u00e7a Brandao de Lisboa a principis d&#8217;any. Reprenent la idea original de la pel\u00b7l\u00edcula\u00a0<em>La mort de Llu\u00eds XIV<\/em>, que en un primer moment s&#8217;havia de dur a terme com a\u00a0<em>performance<\/em>\u00a0al Museu Pompidou de Par\u00eds, l&#8217;artista va demanar al seu actor fetitxe Llu\u00eds Serrat que escenifiqu\u00e9s durant set dies la lenta agonia del monarca franc\u00e8s fins a la mort definitiva, davant dels visitants, en un repte f\u00edsic i psicol\u00f2gic de notable complexitat. Aquesta <em>performance<\/em> va ser enregistrada en la seva totalitat (unes vint-i-nou hores) i ara Albert Serra ha creat un pe\u00e7a amb aquest material.<\/p>\n<p>La pe\u00e7a audiovisual, no obstant aix\u00f2, transcendeix aquest origen documental i es converteix en una fascinant reflexi\u00f3 sobre la inestabilitat del significat visual en el rostre de l&#8217;actor, i el misteri profund que recobreix tota representaci\u00f3 genu\u00efna. Les tres dimensions essencials d&#8217;aquest cos moribund, la persona, l&#8217;actor \u2013la persona vanitosa que se sap filmada\u2013 i el personatge, s&#8217;interpel\u00b7len i es confonen amb sensualitat i innoc\u00e8ncia creant una obra dif\u00edcil, narrativa i conceptual alhora, document d&#8217;una performance real per\u00f2 recreada amb el temps, la fantasia i la il\u00b7lusi\u00f3 d&#8217;una obra cinematogr\u00e0fica.<\/p>\n<p>Albert Serra (Banyoles, 1975) est\u00e0 considerat com un dels directors de cinema catal\u00e0 m\u00e9s originals, controvertits i reconeguts en l\u2019escena cultural i art\u00edstica internacional. Ha participat a la Biennal de Ven\u00e8cia, a la Documenta de Kassel i els seus films m\u00e9s destacats s\u2019han projectat en els museus m\u00e9s rellevants del m\u00f3n: el MoMA, el Pompidou, la Tate Modern, el MNCARS\u00a0\u00a0i el MACBA, entre d&#8217;altres.<\/p>\n<p>La inauguraci\u00f3 tindr\u00e0 lloc el mateix divendres 3 de novembre a les 20 h.<\/p>\n<p>&nbsp;<\/p>\n","protected":false},"excerpt":{"rendered":"<p>Des d&#8217;aquest divendres 3 de novembre fins al dissabte 2 de desembre la Fundaci\u00f3 Llu\u00eds Coromina acull l&#8217;exposici\u00f3 de l&#8217;artista &#8230;<\/p>\n","protected":false},"author":2,"featured_media":3664,"comment_status":"open","ping_status":"open","sticky":false,"template":"","format":"standard","meta":{"footnotes":""},"categories":[17],"tags":[],"class_list":["post-3665","post","type-post","status-publish","format-standard","has-post-thumbnail","hentry","category-exposicions-espai-eat-art"],"_links":{"self":[{"href":"http:\/\/fundaciolluiscoromina.org\/index.php\/wp-json\/wp\/v2\/posts\/3665","targetHints":{"allow":["GET"]}}],"collection":[{"href":"http:\/\/fundaciolluiscoromina.org\/index.php\/wp-json\/wp\/v2\/posts"}],"about":[{"href":"http:\/\/fundaciolluiscoromina.org\/index.php\/wp-json\/wp\/v2\/types\/post"}],"author":[{"embeddable":true,"href":"http:\/\/fundaciolluiscoromina.org\/index.php\/wp-json\/wp\/v2\/users\/2"}],"replies":[{"embeddable":true,"href":"http:\/\/fundaciolluiscoromina.org\/index.php\/wp-json\/wp\/v2\/comments?post=3665"}],"version-history":[{"count":0,"href":"http:\/\/fundaciolluiscoromina.org\/index.php\/wp-json\/wp\/v2\/posts\/3665\/revisions"}],"wp:attachment":[{"href":"http:\/\/fundaciolluiscoromina.org\/index.php\/wp-json\/wp\/v2\/media?parent=3665"}],"wp:term":[{"taxonomy":"category","embeddable":true,"href":"http:\/\/fundaciolluiscoromina.org\/index.php\/wp-json\/wp\/v2\/categories?post=3665"},{"taxonomy":"post_tag","embeddable":true,"href":"http:\/\/fundaciolluiscoromina.org\/index.php\/wp-json\/wp\/v2\/tags?post=3665"}],"curies":[{"name":"wp","href":"https:\/\/api.w.org\/{rel}","templated":true}]}}