{"id":3674,"date":"2017-11-16T09:52:59","date_gmt":"2017-11-16T08:52:59","guid":{"rendered":"http:\/\/www.fundaciolluiscoromina.org\/?p=3674"},"modified":"2017-11-16T09:52:59","modified_gmt":"2017-11-16T08:52:59","slug":"continua-el-cicle-de-musica-improvisada-amb-duot-florian-stoffner","status":"publish","type":"post","link":"http:\/\/fundaciolluiscoromina.org\/index.php\/2017\/11\/16\/continua-el-cicle-de-musica-improvisada-amb-duot-florian-stoffner\/","title":{"rendered":"Continua el cicle de m\u00fasica improvisada amb Duot + Florian Stoffner"},"content":{"rendered":"<p>Aquest diumenge 19 de novembre, la Fundaci\u00f3 Llu\u00eds Coromina &#8211; Espai Eat Art acollir\u00e0 el segon dels concerts del Cicle de M\u00fasica Improvisada organitzat amb el Taller de M\u00fasica de Banyoles. En aquesta ocasi\u00f3, Duot torna a visitar l&#8217;Espai Eat Art, aquesta vegada amb el guitarrista de Su\u00efssa Florian Stoffner, en el marc d&#8217;una gira que els portar\u00e0 per tot el territori espanyol i su\u00eds. El concert tindr\u00e0 lloc a les 18:30 h (5 euros).<\/p>\n","protected":false},"excerpt":{"rendered":"<p>Aquest diumenge 19 de novembre, la Fundaci\u00f3 Llu\u00eds Coromina &#8211; Espai Eat Art acollir\u00e0 el segon dels concerts del Cicle &#8230;<\/p>\n","protected":false},"author":2,"featured_media":3662,"comment_status":"open","ping_status":"open","sticky":false,"template":"","format":"standard","meta":{"footnotes":""},"categories":[10],"tags":[],"class_list":["post-3674","post","type-post","status-publish","format-standard","has-post-thumbnail","hentry","category-activitats"],"_links":{"self":[{"href":"http:\/\/fundaciolluiscoromina.org\/index.php\/wp-json\/wp\/v2\/posts\/3674","targetHints":{"allow":["GET"]}}],"collection":[{"href":"http:\/\/fundaciolluiscoromina.org\/index.php\/wp-json\/wp\/v2\/posts"}],"about":[{"href":"http:\/\/fundaciolluiscoromina.org\/index.php\/wp-json\/wp\/v2\/types\/post"}],"author":[{"embeddable":true,"href":"http:\/\/fundaciolluiscoromina.org\/index.php\/wp-json\/wp\/v2\/users\/2"}],"replies":[{"embeddable":true,"href":"http:\/\/fundaciolluiscoromina.org\/index.php\/wp-json\/wp\/v2\/comments?post=3674"}],"version-history":[{"count":0,"href":"http:\/\/fundaciolluiscoromina.org\/index.php\/wp-json\/wp\/v2\/posts\/3674\/revisions"}],"wp:attachment":[{"href":"http:\/\/fundaciolluiscoromina.org\/index.php\/wp-json\/wp\/v2\/media?parent=3674"}],"wp:term":[{"taxonomy":"category","embeddable":true,"href":"http:\/\/fundaciolluiscoromina.org\/index.php\/wp-json\/wp\/v2\/categories?post=3674"},{"taxonomy":"post_tag","embeddable":true,"href":"http:\/\/fundaciolluiscoromina.org\/index.php\/wp-json\/wp\/v2\/tags?post=3674"}],"curies":[{"name":"wp","href":"https:\/\/api.w.org\/{rel}","templated":true}]}}