{"id":3683,"date":"2017-11-30T13:38:55","date_gmt":"2017-11-30T12:38:55","guid":{"rendered":"http:\/\/www.fundaciolluiscoromina.org\/?p=3683"},"modified":"2017-11-30T13:38:55","modified_gmt":"2017-11-30T12:38:55","slug":"la-historia-del-cocodril-charlie-a-el-meu-millor-no-amic","status":"publish","type":"post","link":"http:\/\/fundaciolluiscoromina.org\/index.php\/2017\/11\/30\/la-historia-del-cocodril-charlie-a-el-meu-millor-no-amic\/","title":{"rendered":"La hist\u00f2ria del cocodril Charlie, a &#8216;El meu millor no amic&#8217;"},"content":{"rendered":"<p>L&#8217;Unai i l&#8217;Amaia, uns nens molt aventurers, volen fer-se amics d&#8217;en Charlie, un cocodril que viu al nord d&#8217;Austr\u00e0lia. Per\u00f2 aviat descobriran que aix\u00f2 no \u00e9s possible. Aquest \u00e9s el fil conductor del conte <em>El meu millor no amic<\/em>, que es presentar\u00e0 el dissabte 23 de desembre a les 11 h a l&#8217;Espai Eat Art, amb pres\u00e8ncia de l&#8217;autora, l&#8217;il\u00b7lustrador i els dos nens protagonistes: l&#8217;Unai i l&#8217;Amaia Canela.<\/p>\n<p>Meritxell Margarit, que actualment viu a Banyoles, va fer la volta al m\u00f3n amb tota la fam\u00edlia buscant animals amena\u00e7ats. Dels viatges, en van sortir una s\u00e8rie d&#8217;hist\u00f2ries fant\u00e0stiques que reflecteixen part de les seves aventures amb la seva parella i els seus dos fills. <em>El meu millor no amic<\/em> \u00e9s el primer conte que la Meritxell ha escrit per a aquest nou projecte, i est\u00e0 il\u00b7lustrat per Marc Curri\u00e0, un artista banyol\u00ed amant de la natura i de l\u2019experimentaci\u00f3 amb diferents t\u00e8cniques pict\u00f2riques. Les il\u00b7lustracions, d\u2019un intens cromatisme, presenten de forma realista els escenaris per on es mou el cocodril Charlie (boscos subtropicals, manglars i estuaris de la pen\u00ednsula de Cape York, a Austr\u00e0lia) aix\u00ed com altres esp\u00e8cies que comparteixen h\u00e0bitat amb ell. El conte obre l&#8217;oportunitat d\u2019aprendre un munt de coses sobre els cocodrils marins i sobre el lloc on viuen, i tamb\u00e9 saber que la difer\u00e8ncia \u00e9s un valor que cal respectar i promoure.<\/p>\n<p><strong>El primer t\u00edtol d&#8217;una col\u00b7lecci\u00f3<\/strong><\/p>\n<p><em>El meu millor no amic <\/em>\u00e9s el primer volum d\u2019una col\u00b7lecci\u00f3 de contes basada en el contingut de la pel\u00b7l\u00edcula documental <em>El viatge de l\u2019Unai<\/em> (Andoni Canela, 2016). En aquesta col\u00b7lecci\u00f3 hi haur\u00e0 7 volums, cada un d\u2019ells dedicat a un dels animals que surten a la pel\u00b7l\u00edcula: el cocodril mar\u00ed, el calau bicorne, el llop ib\u00e8ric, el bis\u00f3 americ\u00e0, el puma, el ping\u00fc\u00ed rei\/papua i l\u2019elefant del desert. Cada conte ens situa en l\u2019h\u00e0bitat natural de l\u2019animal en q\u00fcesti\u00f3 i ens presenta les caracter\u00edstiques i els costums de l\u2019esp\u00e8cie, aix\u00ed com els perills que l\u2019amenacen. A m\u00e9s, cada conte transmet un valor relacionat amb el car\u00e0cter de l\u2019animal.<\/p>\n","protected":false},"excerpt":{"rendered":"<p>L&#8217;Unai i l&#8217;Amaia, uns nens molt aventurers, volen fer-se amics d&#8217;en Charlie, un cocodril que viu al nord d&#8217;Austr\u00e0lia. Per\u00f2 &#8230;<\/p>\n","protected":false},"author":2,"featured_media":3682,"comment_status":"open","ping_status":"open","sticky":false,"template":"","format":"standard","meta":{"footnotes":""},"categories":[10,12],"tags":[],"class_list":["post-3683","post","type-post","status-publish","format-standard","has-post-thumbnail","hentry","category-activitats","category-publicacions"],"_links":{"self":[{"href":"http:\/\/fundaciolluiscoromina.org\/index.php\/wp-json\/wp\/v2\/posts\/3683","targetHints":{"allow":["GET"]}}],"collection":[{"href":"http:\/\/fundaciolluiscoromina.org\/index.php\/wp-json\/wp\/v2\/posts"}],"about":[{"href":"http:\/\/fundaciolluiscoromina.org\/index.php\/wp-json\/wp\/v2\/types\/post"}],"author":[{"embeddable":true,"href":"http:\/\/fundaciolluiscoromina.org\/index.php\/wp-json\/wp\/v2\/users\/2"}],"replies":[{"embeddable":true,"href":"http:\/\/fundaciolluiscoromina.org\/index.php\/wp-json\/wp\/v2\/comments?post=3683"}],"version-history":[{"count":0,"href":"http:\/\/fundaciolluiscoromina.org\/index.php\/wp-json\/wp\/v2\/posts\/3683\/revisions"}],"wp:attachment":[{"href":"http:\/\/fundaciolluiscoromina.org\/index.php\/wp-json\/wp\/v2\/media?parent=3683"}],"wp:term":[{"taxonomy":"category","embeddable":true,"href":"http:\/\/fundaciolluiscoromina.org\/index.php\/wp-json\/wp\/v2\/categories?post=3683"},{"taxonomy":"post_tag","embeddable":true,"href":"http:\/\/fundaciolluiscoromina.org\/index.php\/wp-json\/wp\/v2\/tags?post=3683"}],"curies":[{"name":"wp","href":"https:\/\/api.w.org\/{rel}","templated":true}]}}