{"id":3685,"date":"2017-12-04T10:09:39","date_gmt":"2017-12-04T09:09:39","guid":{"rendered":"http:\/\/www.fundaciolluiscoromina.org\/?p=3685"},"modified":"2017-12-04T10:09:39","modified_gmt":"2017-12-04T09:09:39","slug":"el-saxo-solo-de-tom-chant-ultim-concert-del-cicle-de-musica-improvisada","status":"publish","type":"post","link":"http:\/\/fundaciolluiscoromina.org\/index.php\/2017\/12\/04\/el-saxo-solo-de-tom-chant-ultim-concert-del-cicle-de-musica-improvisada\/","title":{"rendered":"El saxo solo de Tom Chant, \u00faltim concert del Cicle de M\u00fasica Improvisada"},"content":{"rendered":"<p>Despr\u00e9s de l&#8217;\u00e8xit dels dos primers concerts, l\u2019Espai Eat Art torna acollir un dels grans noms del circuit de la m\u00fasica improvisada europea. En aquesta ocasi\u00f3, i per tancar el cicle organitzat pel Taller de M\u00fasica de Banyoles i la Fundaci\u00f3 Llu\u00eds Coromina, ser\u00e0 a c\u00e0rrec del saxofonista Tom Chant, un dels improvisadors de l\u2019escena de Londres que m\u00e9s ha remogut el terreny improvisador. El concert ser\u00e0 el diumenge 17 de desembre a les 18.30 h (5 euros) a l&#8217;Espai Eat Art.<\/p>\n<p>&nbsp;<\/p>\n<p>&nbsp;<\/p>\n","protected":false},"excerpt":{"rendered":"<p>Despr\u00e9s de l&#8217;\u00e8xit dels dos primers concerts, l\u2019Espai Eat Art torna acollir un dels grans noms del circuit de la &#8230;<\/p>\n","protected":false},"author":2,"featured_media":3650,"comment_status":"open","ping_status":"open","sticky":false,"template":"","format":"standard","meta":{"footnotes":""},"categories":[10],"tags":[],"class_list":["post-3685","post","type-post","status-publish","format-standard","has-post-thumbnail","hentry","category-activitats"],"_links":{"self":[{"href":"http:\/\/fundaciolluiscoromina.org\/index.php\/wp-json\/wp\/v2\/posts\/3685","targetHints":{"allow":["GET"]}}],"collection":[{"href":"http:\/\/fundaciolluiscoromina.org\/index.php\/wp-json\/wp\/v2\/posts"}],"about":[{"href":"http:\/\/fundaciolluiscoromina.org\/index.php\/wp-json\/wp\/v2\/types\/post"}],"author":[{"embeddable":true,"href":"http:\/\/fundaciolluiscoromina.org\/index.php\/wp-json\/wp\/v2\/users\/2"}],"replies":[{"embeddable":true,"href":"http:\/\/fundaciolluiscoromina.org\/index.php\/wp-json\/wp\/v2\/comments?post=3685"}],"version-history":[{"count":0,"href":"http:\/\/fundaciolluiscoromina.org\/index.php\/wp-json\/wp\/v2\/posts\/3685\/revisions"}],"wp:attachment":[{"href":"http:\/\/fundaciolluiscoromina.org\/index.php\/wp-json\/wp\/v2\/media?parent=3685"}],"wp:term":[{"taxonomy":"category","embeddable":true,"href":"http:\/\/fundaciolluiscoromina.org\/index.php\/wp-json\/wp\/v2\/categories?post=3685"},{"taxonomy":"post_tag","embeddable":true,"href":"http:\/\/fundaciolluiscoromina.org\/index.php\/wp-json\/wp\/v2\/tags?post=3685"}],"curies":[{"name":"wp","href":"https:\/\/api.w.org\/{rel}","templated":true}]}}