{"id":3700,"date":"2018-01-02T11:13:54","date_gmt":"2018-01-02T10:13:54","guid":{"rendered":"http:\/\/www.fundaciolluiscoromina.org\/?p=3700"},"modified":"2018-01-02T11:13:54","modified_gmt":"2018-01-02T10:13:54","slug":"prorrogada-fins-al-24-de-febrer-lexposicio-cenae-18-de-joan-crous-a-lespai-eat-art","status":"publish","type":"post","link":"http:\/\/fundaciolluiscoromina.org\/index.php\/2018\/01\/02\/prorrogada-fins-al-24-de-febrer-lexposicio-cenae-18-de-joan-crous-a-lespai-eat-art\/","title":{"rendered":"Prorrogada fins al 24 de febrer l&#8217;exposici\u00f3 &#8216;Cenae 18&#8217; de Joan Crous a l&#8217;Espai Eat Art"},"content":{"rendered":"<p>L&#8217;exposici\u00f3 <em>Cenae 18<\/em>, que es pot veure a la Fundaci\u00f3 Llu\u00eds Coromina \u2013 Espai Eat Art de Banyoles, es podr\u00e0 veure fins al 24 de febrer. Es tracta d&#8217;un projecte art\u00edstic pluridisciplinar, amb v\u00eddeos, fotos i escultures d\u2019objectes gastron\u00f2mics fossilitzats en vidre per l\u2019artista banyol\u00ed Joan Crous, en qu\u00e8 destaca la taula d\u2019un banquet. Al mateix temps, es commemoren els 10 anys de l\u2019acci\u00f3 art\u00edstica <em>Cenae 8<\/em>, en la qual el menjador de l\u2019antic Celler de Can Roca va ser el marc d\u2019un sopar inspirat en les menges preferides de Josep Pla, en un encontre entre les dues vessants del Rocacorba: la fam\u00edlia dels Roca, de la Vall del Ll\u00e9mena, i els Crous, de la zona lacustre de Banyoles. En aquella ocasi\u00f3, els Roca cuinaven i explicaven els plats. I en Joan Crous va colgar tot aquell sopar de sorra, per desenterrar-lo immortal. El menjar sencer, ampolles, vasos, copes i plats, culleres i forquilles. Tot. Perqu\u00e8, un cop desenterrat, quan s\u2019expos\u00e9s, tothom tingu\u00e9s la sensaci\u00f3 d\u2019haver visitat una cosa que va ser viva. Un instant tridimensional. Com els cossos sepultats pel Vesuvi a Hercul\u00e0 i Pompeia.<\/p>\n<p>En aquesta ocasi\u00f3, es realitzen dos sopars tancats, a c\u00e0rrec d\u2019El Celler de Can Roca i el Restaurant Ca L\u2019Arpa. Els dos \u00e0pats es fossilitzen a les instal\u00b7lacions de Joan Crous a Bolonya, i s&#8217;instal\u00b7len en una exposici\u00f3 din\u00e0mica, perqu\u00e8 les peces centrals s\u2019aniran incorporant a mesura que l\u2019artista les tingui realitzades. Tot el proc\u00e9s ser\u00e0 documentat, en una publicaci\u00f3, per Salvador Garcia-Arb\u00f3s.<\/p>\n<p>Joan Crous va n\u00e9ixer a Banyoles el 1962. Viu i treballa a Bolonya des de fa m\u00e9s de quinze anys. \u00c9s llicenciat en Hist\u00f2ria de l\u2019Art i Doctorat en Hist\u00f2ria Medieval per la Universitat de Barcelona i per la Universit\u00e0 di Bologna. S\u2019ha format en diferents estudis d\u2019art a l\u2019Escola Massana, Roumont, Milan, Estrasburg, Praga, Mont-real i Ven\u00e8cia. El seu treball d\u2019artista es concentra i troba inspiraci\u00f3 en el m\u00f3n de l\u2019arqueologia. Interessat per la gastronomia antiga, va dedicar la seva tesi doctoral a la gastronomia medieval cavalleresca. El Projecte Cenae ja ha passat per ciutats com Barcelona, \u200b\u200bFlor\u00e8ncia, Bolonya, Mil\u00e0 Ven\u00e8cia, Par\u00eds, Estrasburg, Nancy, Mont-real, Corning i Nova York.<\/p>\n","protected":false},"excerpt":{"rendered":"<p>L&#8217;exposici\u00f3 Cenae 18, que es pot veure a la Fundaci\u00f3 Llu\u00eds Coromina \u2013 Espai Eat Art de Banyoles, es podr\u00e0 &#8230;<\/p>\n","protected":false},"author":2,"featured_media":3702,"comment_status":"open","ping_status":"open","sticky":false,"template":"","format":"standard","meta":{"footnotes":""},"categories":[17],"tags":[],"class_list":["post-3700","post","type-post","status-publish","format-standard","has-post-thumbnail","hentry","category-exposicions-espai-eat-art"],"_links":{"self":[{"href":"http:\/\/fundaciolluiscoromina.org\/index.php\/wp-json\/wp\/v2\/posts\/3700","targetHints":{"allow":["GET"]}}],"collection":[{"href":"http:\/\/fundaciolluiscoromina.org\/index.php\/wp-json\/wp\/v2\/posts"}],"about":[{"href":"http:\/\/fundaciolluiscoromina.org\/index.php\/wp-json\/wp\/v2\/types\/post"}],"author":[{"embeddable":true,"href":"http:\/\/fundaciolluiscoromina.org\/index.php\/wp-json\/wp\/v2\/users\/2"}],"replies":[{"embeddable":true,"href":"http:\/\/fundaciolluiscoromina.org\/index.php\/wp-json\/wp\/v2\/comments?post=3700"}],"version-history":[{"count":0,"href":"http:\/\/fundaciolluiscoromina.org\/index.php\/wp-json\/wp\/v2\/posts\/3700\/revisions"}],"wp:attachment":[{"href":"http:\/\/fundaciolluiscoromina.org\/index.php\/wp-json\/wp\/v2\/media?parent=3700"}],"wp:term":[{"taxonomy":"category","embeddable":true,"href":"http:\/\/fundaciolluiscoromina.org\/index.php\/wp-json\/wp\/v2\/categories?post=3700"},{"taxonomy":"post_tag","embeddable":true,"href":"http:\/\/fundaciolluiscoromina.org\/index.php\/wp-json\/wp\/v2\/tags?post=3700"}],"curies":[{"name":"wp","href":"https:\/\/api.w.org\/{rel}","templated":true}]}}