{"id":3708,"date":"2018-01-17T13:40:34","date_gmt":"2018-01-17T12:40:34","guid":{"rendered":"http:\/\/www.fundaciolluiscoromina.org\/?p=3708"},"modified":"2018-01-17T13:40:34","modified_gmt":"2018-01-17T12:40:34","slug":"exposicio-estrategies-per-una-ciutat-inclusiva-a-lespai-eat-art","status":"publish","type":"post","link":"http:\/\/fundaciolluiscoromina.org\/index.php\/2018\/01\/17\/exposicio-estrategies-per-una-ciutat-inclusiva-a-lespai-eat-art\/","title":{"rendered":"Exposici\u00f3 &#8216;Estrat\u00e8gies per una ciutat inclusiva&#8217; a l&#8217;Espai Eat Art"},"content":{"rendered":"<p>Amb motiu del vint\u00e8 aniversari del Pla d&#8217;Escolaritzaci\u00f3 Extensiva i en el marc de la jornada &#8216;Estrat\u00e8gies per una ciutat inclusiva&#8217;, de l&#8217;1 al 3 de febrer l\u2019Espai Eat Art acollir\u00e0 l&#8217;exposici\u00f3 hom\u00f2nima, organitzada des del Servei d&#8217;Educaci\u00f3 de l&#8217;Ajuntament de Banyoles.<\/p>\n<p>El Pla d\u2019Escolaritzaci\u00f3 Extensiva \u00e9s una eina de planificaci\u00f3 educativa que vetlla per l\u2019escolaritzaci\u00f3 equilibrada de l\u2019alumnat als centres educatius del territori. \u00c9s fruit d\u2019un important treball en xarxa que des del curs 1998-1999 fins l\u2019actualitat s\u2019ha anat consolidant i enfortint. A m\u00e9s, ha estat clau en l\u2019aposta que des del municipi s&#8217;ha fet per una educaci\u00f3 cohesionada i compromesa amb la ciutadania i l\u2019entorn.<\/p>\n","protected":false},"excerpt":{"rendered":"<p>Amb motiu del vint\u00e8 aniversari del Pla d&#8217;Escolaritzaci\u00f3 Extensiva i en el marc de la jornada &#8216;Estrat\u00e8gies per una ciutat &#8230;<\/p>\n","protected":false},"author":2,"featured_media":3712,"comment_status":"open","ping_status":"open","sticky":false,"template":"","format":"standard","meta":{"footnotes":""},"categories":[17],"tags":[],"class_list":["post-3708","post","type-post","status-publish","format-standard","has-post-thumbnail","hentry","category-exposicions-espai-eat-art"],"_links":{"self":[{"href":"http:\/\/fundaciolluiscoromina.org\/index.php\/wp-json\/wp\/v2\/posts\/3708","targetHints":{"allow":["GET"]}}],"collection":[{"href":"http:\/\/fundaciolluiscoromina.org\/index.php\/wp-json\/wp\/v2\/posts"}],"about":[{"href":"http:\/\/fundaciolluiscoromina.org\/index.php\/wp-json\/wp\/v2\/types\/post"}],"author":[{"embeddable":true,"href":"http:\/\/fundaciolluiscoromina.org\/index.php\/wp-json\/wp\/v2\/users\/2"}],"replies":[{"embeddable":true,"href":"http:\/\/fundaciolluiscoromina.org\/index.php\/wp-json\/wp\/v2\/comments?post=3708"}],"version-history":[{"count":0,"href":"http:\/\/fundaciolluiscoromina.org\/index.php\/wp-json\/wp\/v2\/posts\/3708\/revisions"}],"wp:attachment":[{"href":"http:\/\/fundaciolluiscoromina.org\/index.php\/wp-json\/wp\/v2\/media?parent=3708"}],"wp:term":[{"taxonomy":"category","embeddable":true,"href":"http:\/\/fundaciolluiscoromina.org\/index.php\/wp-json\/wp\/v2\/categories?post=3708"},{"taxonomy":"post_tag","embeddable":true,"href":"http:\/\/fundaciolluiscoromina.org\/index.php\/wp-json\/wp\/v2\/tags?post=3708"}],"curies":[{"name":"wp","href":"https:\/\/api.w.org\/{rel}","templated":true}]}}