{"id":3720,"date":"2018-02-22T12:12:20","date_gmt":"2018-02-22T11:12:20","guid":{"rendered":"http:\/\/www.fundaciolluiscoromina.org\/?p=3720"},"modified":"2018-02-22T12:12:20","modified_gmt":"2018-02-22T11:12:20","slug":"la-installacio-artistica-no-em-va-fer-joan-brossa-de-cabosanroque-arriba-a-larts-santa-monica","status":"publish","type":"post","link":"http:\/\/fundaciolluiscoromina.org\/index.php\/2018\/02\/22\/la-installacio-artistica-no-em-va-fer-joan-brossa-de-cabosanroque-arriba-a-larts-santa-monica\/","title":{"rendered":"La instal\u00b7laci\u00f3 art\u00edstica &#8216;No em va fer Joan Brossa&#8217; de cabosanroque arriba a l&#8217;Arts Santa M\u00f2nica"},"content":{"rendered":"<p>De l&#8217;1 al 18 de mar\u00e7, el\u00a0 Claustre Max Cahner de l&#8217;Arts Santa M\u00f2nica de Barcelona acollir\u00e0 la instal\u00b7laci\u00f3 art\u00edstica <em>No em va fer Joan Brossa<\/em>, de cabosanroque. Es tracta d&#8217;una instal\u00b7laci\u00f3 sonora i pl\u00e0stica que t\u00e9 com a g\u00e8nesi l&#8217;exploraci\u00f3 transversal de la prosa m\u00e9s desconeguda i primerenca del poeta Joan Brossa. Un poema transitable que interpreta els paisatges dins la prosa i el so de la paraula dins la poesia esc\u00e8nica dels anys quaranta. Una obra on no nom\u00e9s s&#8217;involucren el coneixement de diferents disciplines sin\u00f3 la connexi\u00f3 entre elles per arribar a un \u00e0mbit d&#8217;acci\u00f3 m\u00e9s ample, i acabar oferint un resultat de g\u00e8nere bastard, desviaci\u00f3 i deformaci\u00f3 de g\u00e8neres brossians, com la poesia objectual, la poesia esc\u00e8nica, o el post-teatre, sempre des del punt de vista del so. La Fundaci\u00f3 Llu\u00eds Coromina \u00e9s una de les productores de la instal\u00b7laci\u00f3, que ja s&#8217;ha pogut veure, entre altres ciutats, com Girona o Madrid i que properament passar\u00e0 per Berl\u00edn i Mirepoix, entre d&#8217;altres. <strong>La inauguraci\u00f3 a l&#8217;Arts Santa M\u00f2nica\u00a0 tindr\u00e0 lloc el proper dijous 1 de mar\u00e7 a les 19 h, us hi esperem!<\/strong><\/p>\n<p>&nbsp;<\/p>\n","protected":false},"excerpt":{"rendered":"<p>De l&#8217;1 al 18 de mar\u00e7, el\u00a0 Claustre Max Cahner de l&#8217;Arts Santa M\u00f2nica de Barcelona acollir\u00e0 la instal\u00b7laci\u00f3 art\u00edstica &#8230;<\/p>\n","protected":false},"author":2,"featured_media":3721,"comment_status":"open","ping_status":"open","sticky":false,"template":"","format":"standard","meta":{"footnotes":""},"categories":[14],"tags":[],"class_list":["post-3720","post","type-post","status-publish","format-standard","has-post-thumbnail","hentry","category-accions-culturals"],"_links":{"self":[{"href":"http:\/\/fundaciolluiscoromina.org\/index.php\/wp-json\/wp\/v2\/posts\/3720","targetHints":{"allow":["GET"]}}],"collection":[{"href":"http:\/\/fundaciolluiscoromina.org\/index.php\/wp-json\/wp\/v2\/posts"}],"about":[{"href":"http:\/\/fundaciolluiscoromina.org\/index.php\/wp-json\/wp\/v2\/types\/post"}],"author":[{"embeddable":true,"href":"http:\/\/fundaciolluiscoromina.org\/index.php\/wp-json\/wp\/v2\/users\/2"}],"replies":[{"embeddable":true,"href":"http:\/\/fundaciolluiscoromina.org\/index.php\/wp-json\/wp\/v2\/comments?post=3720"}],"version-history":[{"count":0,"href":"http:\/\/fundaciolluiscoromina.org\/index.php\/wp-json\/wp\/v2\/posts\/3720\/revisions"}],"wp:attachment":[{"href":"http:\/\/fundaciolluiscoromina.org\/index.php\/wp-json\/wp\/v2\/media?parent=3720"}],"wp:term":[{"taxonomy":"category","embeddable":true,"href":"http:\/\/fundaciolluiscoromina.org\/index.php\/wp-json\/wp\/v2\/categories?post=3720"},{"taxonomy":"post_tag","embeddable":true,"href":"http:\/\/fundaciolluiscoromina.org\/index.php\/wp-json\/wp\/v2\/tags?post=3720"}],"curies":[{"name":"wp","href":"https:\/\/api.w.org\/{rel}","templated":true}]}}