{"id":3728,"date":"2018-02-23T12:55:51","date_gmt":"2018-02-23T11:55:51","guid":{"rendered":"http:\/\/www.fundaciolluiscoromina.org\/?p=3728"},"modified":"2018-02-23T12:55:51","modified_gmt":"2018-02-23T11:55:51","slug":"art-a-laula-observar-aprendre-crear-i-exposar","status":"publish","type":"post","link":"http:\/\/fundaciolluiscoromina.org\/index.php\/2018\/02\/23\/art-a-laula-observar-aprendre-crear-i-exposar\/","title":{"rendered":"Art a l&#8217;Aula: observar, aprendre, crear i exposar"},"content":{"rendered":"<p>Acostar l\u2019art a les escoles. Aquest \u00e9s l\u2019objectiu principal del projecte Art a l\u2019aula, promogut per FONSDART Galeria d\u2019Olot i que enguany arriba a la tercera edici\u00f3. Com ja es va posar de relleu en l\u2019edici\u00f3 anterior, la compet\u00e8ncia art\u00edstica i cultural es considera b\u00e0sica en l\u2019etapa d\u2019educaci\u00f3 prim\u00e0ria i ha d\u2019englobar aquelles habilitats que permetin el coneixement i la utilitzaci\u00f3 de t\u00e8cniques, recursos i expressions art\u00edstiques. I amb aquesta premissa, s\u2019ha tornat a posar a l\u2019abast dels alumnes la pr\u00e0ctica art\u00edstica a les mateixes aules, amb la col\u00b7laboraci\u00f3 de reconeguts artistes. El projecte s\u2019ha materialitzat a trav\u00e9s dels tres aspectes que es consideren fonamentals de tot aprenentatge: observar, aprendre i crear. \u00c9s a dir, tenint l\u2019oportunitat d\u2019observar la creaci\u00f3 d\u2019una obra d\u2019art a c\u00e0rrec d\u2019un artista, aprenent a mirar una obra d\u2019art i a identificar les difer\u00e8ncies entre les diverses disciplines, t\u00e8cniques, estils art\u00edstics i materials utilitzats i, finalment, creant la pr\u00f2pia obra prenent com a model la que l\u2019artista ha realitzat a l\u2019aula.<\/p>\n<p>L\u2019exposici\u00f3 que acull del 3 de mar\u00e7 al 21 d&#8217;abril la Fundaci\u00f3 Llu\u00eds Coromina &#8211; Espai Eat Art \u00e9s el resultat d\u2019aquest projecte, dut a terme amb els mestres i alumnes de cinqu\u00e8 i sis\u00e8 de prim\u00e0ria de les escoles del Pla de l\u2019Estany. Una proposta que ha resultat molt estimulant i en qu\u00e8 podreu veure els treballs que els alumnes han realitzat en els diversos tallers.<\/p>\n","protected":false},"excerpt":{"rendered":"<p>Acostar l\u2019art a les escoles. Aquest \u00e9s l\u2019objectiu principal del projecte Art a l\u2019aula, promogut per FONSDART Galeria d\u2019Olot i &#8230;<\/p>\n","protected":false},"author":2,"featured_media":3726,"comment_status":"open","ping_status":"open","sticky":false,"template":"","format":"standard","meta":{"footnotes":""},"categories":[17],"tags":[],"class_list":["post-3728","post","type-post","status-publish","format-standard","has-post-thumbnail","hentry","category-exposicions-espai-eat-art"],"_links":{"self":[{"href":"http:\/\/fundaciolluiscoromina.org\/index.php\/wp-json\/wp\/v2\/posts\/3728","targetHints":{"allow":["GET"]}}],"collection":[{"href":"http:\/\/fundaciolluiscoromina.org\/index.php\/wp-json\/wp\/v2\/posts"}],"about":[{"href":"http:\/\/fundaciolluiscoromina.org\/index.php\/wp-json\/wp\/v2\/types\/post"}],"author":[{"embeddable":true,"href":"http:\/\/fundaciolluiscoromina.org\/index.php\/wp-json\/wp\/v2\/users\/2"}],"replies":[{"embeddable":true,"href":"http:\/\/fundaciolluiscoromina.org\/index.php\/wp-json\/wp\/v2\/comments?post=3728"}],"version-history":[{"count":0,"href":"http:\/\/fundaciolluiscoromina.org\/index.php\/wp-json\/wp\/v2\/posts\/3728\/revisions"}],"wp:attachment":[{"href":"http:\/\/fundaciolluiscoromina.org\/index.php\/wp-json\/wp\/v2\/media?parent=3728"}],"wp:term":[{"taxonomy":"category","embeddable":true,"href":"http:\/\/fundaciolluiscoromina.org\/index.php\/wp-json\/wp\/v2\/categories?post=3728"},{"taxonomy":"post_tag","embeddable":true,"href":"http:\/\/fundaciolluiscoromina.org\/index.php\/wp-json\/wp\/v2\/tags?post=3728"}],"curies":[{"name":"wp","href":"https:\/\/api.w.org\/{rel}","templated":true}]}}