{"id":3737,"date":"2018-04-03T10:21:01","date_gmt":"2018-04-03T08:21:01","guid":{"rendered":"http:\/\/www.fundaciolluiscoromina.org\/?p=3737"},"modified":"2018-04-03T10:21:01","modified_gmt":"2018-04-03T08:21:01","slug":"3737-2","status":"publish","type":"post","link":"http:\/\/fundaciolluiscoromina.org\/index.php\/2018\/04\/03\/3737-2\/","title":{"rendered":"&#8216;El run-run dels exploradors&#8217; arriba al Puntal-Laboratori de les Arts de la m\u00e0 de cabosanroque"},"content":{"rendered":"<p>La Fundaci\u00f3 Llu\u00eds Coromina acollir\u00e0, a la seu del Puntal \u2013 Laboratori de les arts, <em>El run-run dels exploradors<\/em>, un conjunt de jocs a partir dels instruments, dispositius i m\u00e0quines sonores que t\u00e9 cabosanroque al seu estudi. L\u2019objectiu de l\u2019activitat \u00e9s que els nens i nenes comprenguin conceptes musicals b\u00e0sics com el silenci, l\u2019abs\u00e8ncia de silenci, el soroll, l\u2019harmonia i la disson\u00e0ncia, el ritme i el minimalisme i la protoelectr\u00f2nica. Descobrir i repassar, a partir de jocs sonors, els principals conceptes que han canviat la manera d\u2019entendre la m\u00fasica durant el segle XX. Conceptes que ens han aportat les avantguardes art\u00edstiques a partir de personatges com John Cage, Lamonte Young o Pierre Henry. Aquesta activitat, coorganitzada entre cabosanroque, la Fundaci\u00f3 Llu\u00eds Coromina i el servei d\u2019Educaci\u00f3 de l\u2019Ajuntament de Banyoles, i que es duu a terme per segon any, tindr\u00e0 lloc del dimecres 11 al divendres 13 d&#8217;abril.<\/p>\n<p>Nascut el 2001 com a col\u00b7lectiu musical, cabosanroque \u00e9s un duo d&#8217;artistes que es dediquen a la construcci\u00f3 de sons que s\u2019apliquen en diferents \u00e0mbits com instal\u00b7lacions sonores, arts esc\u00e8niques o m\u00fasica, sempre treballant amb el so, les capacitats expressives de la m\u00e0quina i la seves possibilitats per vehicular emocions. Laia Torrents (llicenciada en Enginyeria Superior industrial per la UPC i amb estudis superiors de Composici\u00f3, Harmonia i Arranjaments) i Roger Aixut (llicenciat en Arquitectura per la UPC) estan a cavall entre grup de rock experimental, artistes pl\u00e0stics i performers; desborden les categories gr\u00e0cies als seus artefactes: mat\u00e8ria i ona, m\u00e0quines musicals i instruments que fan soroll, objectes en s\u00e8rie que es tornen \u00fanics en els seus <em>collages<\/em> mec\u00e0nic-sonors. En quinze anys de traject\u00f2ria han generat una poblaci\u00f3 heter\u00f2clita de m\u00e0quines musicals que viatgen d\u2019una escena a l\u2019altra i han col\u00b7laborat amb grans noms de l\u2019escena musical, popular i experimental, tant de les arts esc\u00e8niques com de les arts pl\u00e0stiques. Des de l&#8217;any 2015, tenen el seu estudi instal\u00b7lat a la Fundaci\u00f3 Llu\u00eds Coromina, al Puntal &#8211; Laboratori de les Arts.<\/p>\n","protected":false},"excerpt":{"rendered":"<p>La Fundaci\u00f3 Llu\u00eds Coromina acollir\u00e0, a la seu del Puntal \u2013 Laboratori de les arts, El run-run dels exploradors, un &#8230;<\/p>\n","protected":false},"author":2,"featured_media":3733,"comment_status":"open","ping_status":"open","sticky":false,"template":"","format":"standard","meta":{"footnotes":""},"categories":[10,11],"tags":[],"class_list":["post-3737","post","type-post","status-publish","format-standard","has-post-thumbnail","hentry","category-activitats","category-educacio-2"],"_links":{"self":[{"href":"http:\/\/fundaciolluiscoromina.org\/index.php\/wp-json\/wp\/v2\/posts\/3737","targetHints":{"allow":["GET"]}}],"collection":[{"href":"http:\/\/fundaciolluiscoromina.org\/index.php\/wp-json\/wp\/v2\/posts"}],"about":[{"href":"http:\/\/fundaciolluiscoromina.org\/index.php\/wp-json\/wp\/v2\/types\/post"}],"author":[{"embeddable":true,"href":"http:\/\/fundaciolluiscoromina.org\/index.php\/wp-json\/wp\/v2\/users\/2"}],"replies":[{"embeddable":true,"href":"http:\/\/fundaciolluiscoromina.org\/index.php\/wp-json\/wp\/v2\/comments?post=3737"}],"version-history":[{"count":0,"href":"http:\/\/fundaciolluiscoromina.org\/index.php\/wp-json\/wp\/v2\/posts\/3737\/revisions"}],"wp:attachment":[{"href":"http:\/\/fundaciolluiscoromina.org\/index.php\/wp-json\/wp\/v2\/media?parent=3737"}],"wp:term":[{"taxonomy":"category","embeddable":true,"href":"http:\/\/fundaciolluiscoromina.org\/index.php\/wp-json\/wp\/v2\/categories?post=3737"},{"taxonomy":"post_tag","embeddable":true,"href":"http:\/\/fundaciolluiscoromina.org\/index.php\/wp-json\/wp\/v2\/tags?post=3737"}],"curies":[{"name":"wp","href":"https:\/\/api.w.org\/{rel}","templated":true}]}}