{"id":3744,"date":"2018-04-05T11:48:19","date_gmt":"2018-04-05T09:48:19","guid":{"rendered":"http:\/\/www.fundaciolluiscoromina.org\/?p=3744"},"modified":"2018-04-05T11:48:19","modified_gmt":"2018-04-05T09:48:19","slug":"prorrogada-fins-al-5-de-maig-lexposicio-art-a-laula","status":"publish","type":"post","link":"http:\/\/fundaciolluiscoromina.org\/index.php\/2018\/04\/05\/prorrogada-fins-al-5-de-maig-lexposicio-art-a-laula\/","title":{"rendered":"Prorrogada fins al 5 de maig l&#8217;exposici\u00f3 &#8216;Art a l&#8217;Aula&#8217;"},"content":{"rendered":"<p>L&#8217;exposici\u00f3 <em>Art a l&#8217;Aula<\/em>, que des del 3 de mar\u00e7 es pot veure a l&#8217;Espai Eat Art, es prorroga fins al 5 de maig. La mostra consta de les obres que han realitzat els alumnes de 5\u00e8 i 6\u00e8 de prim\u00e0ria de les escoles del Pla de l&#8217;Estany en el marc del projecte <em>Art a l&#8217;Aula<\/em>, promogut per FONSDART Galeria d\u2019Olot i que enguany ha arribat a la tercera edici\u00f3. El projecte s\u2019ha materialitzat a trav\u00e9s dels tres aspectes que es consideren fonamentals de tot aprenentatge: observar, aprendre i crear. \u00c9s a dir, tenint l\u2019oportunitat d\u2019observar la creaci\u00f3 d\u2019una obra d\u2019art a c\u00e0rrec d\u2019un artista, aprenent a mirar una obra d\u2019art i a identificar les difer\u00e8ncies entre les diverses disciplines, t\u00e8cniques, estils art\u00edstics i materials utilitzats i, finalment, creant la pr\u00f2pia obra prenent com a model la que l\u2019artista ha realitzat a l\u2019aula.<\/p>\n<p>&nbsp;<\/p>\n","protected":false},"excerpt":{"rendered":"<p>L&#8217;exposici\u00f3 Art a l&#8217;Aula, que des del 3 de mar\u00e7 es pot veure a l&#8217;Espai Eat Art, es prorroga fins &#8230;<\/p>\n","protected":false},"author":2,"featured_media":3745,"comment_status":"open","ping_status":"open","sticky":false,"template":"","format":"standard","meta":{"footnotes":""},"categories":[17],"tags":[],"class_list":["post-3744","post","type-post","status-publish","format-standard","has-post-thumbnail","hentry","category-exposicions-espai-eat-art"],"_links":{"self":[{"href":"http:\/\/fundaciolluiscoromina.org\/index.php\/wp-json\/wp\/v2\/posts\/3744","targetHints":{"allow":["GET"]}}],"collection":[{"href":"http:\/\/fundaciolluiscoromina.org\/index.php\/wp-json\/wp\/v2\/posts"}],"about":[{"href":"http:\/\/fundaciolluiscoromina.org\/index.php\/wp-json\/wp\/v2\/types\/post"}],"author":[{"embeddable":true,"href":"http:\/\/fundaciolluiscoromina.org\/index.php\/wp-json\/wp\/v2\/users\/2"}],"replies":[{"embeddable":true,"href":"http:\/\/fundaciolluiscoromina.org\/index.php\/wp-json\/wp\/v2\/comments?post=3744"}],"version-history":[{"count":0,"href":"http:\/\/fundaciolluiscoromina.org\/index.php\/wp-json\/wp\/v2\/posts\/3744\/revisions"}],"wp:attachment":[{"href":"http:\/\/fundaciolluiscoromina.org\/index.php\/wp-json\/wp\/v2\/media?parent=3744"}],"wp:term":[{"taxonomy":"category","embeddable":true,"href":"http:\/\/fundaciolluiscoromina.org\/index.php\/wp-json\/wp\/v2\/categories?post=3744"},{"taxonomy":"post_tag","embeddable":true,"href":"http:\/\/fundaciolluiscoromina.org\/index.php\/wp-json\/wp\/v2\/tags?post=3744"}],"curies":[{"name":"wp","href":"https:\/\/api.w.org\/{rel}","templated":true}]}}