{"id":3761,"date":"2018-04-26T10:33:37","date_gmt":"2018-04-26T08:33:37","guid":{"rendered":"http:\/\/www.fundaciolluiscoromina.org\/?p=3761"},"modified":"2018-04-26T10:33:37","modified_gmt":"2018-04-26T08:33:37","slug":"una-taula-rodona-tancar-lexposicio-art-a-laula","status":"publish","type":"post","link":"http:\/\/fundaciolluiscoromina.org\/index.php\/2018\/04\/26\/una-taula-rodona-tancar-lexposicio-art-a-laula\/","title":{"rendered":"Una taula rodona tancar\u00e0 l&#8217;exposici\u00f3 &#8216;Art a l&#8217;Aula&#8217;"},"content":{"rendered":"<p>Amb motiu de la clausura de l&#8217;exposici\u00f3 <em>Art a l&#8217;Aula<\/em>, el pr\u00f2xim dissabte 5 de maig a les 12 h, la Fundaci\u00f3 Llu\u00eds Coromina &#8211; Espai Eat Art acollir\u00e0 una taula rodona amb Roser Juanola (professora), Miquel Samaniego (pintor) i Joan Solana (professor). Amb la pres\u00e8ncia del director de la Fundaci\u00f3 Llu\u00eds Coromina Ricard Planas i moderat pel periodista Josep Puigb\u00f3, l&#8217;acte s&#8217;enfocar\u00e0 a analitzar i debatre el lligam entre l&#8217;art i les escoles.<\/p>\n<p><em>Art a l&#8217;Aula<\/em> \u00e9s un projecte promogut per Fons d&#8217;Art Galeria d&#8217;Olot, que enguany ha arribat a la seva tercera edici\u00f3 amb el mateix objectiu amb qu\u00e8 va n\u00e9ixer: acostar l&#8217;art a les escoles. L&#8217;Espai Eat Art acull el treball realitzat pels alumnes de 5\u00e8 i 6\u00e8 de prim\u00e0ria de les escoles del Pla de l&#8217;Estany.<\/p>\n<p>&nbsp;<\/p>\n","protected":false},"excerpt":{"rendered":"<p>Amb motiu de la clausura de l&#8217;exposici\u00f3 Art a l&#8217;Aula, el pr\u00f2xim dissabte 5 de maig a les 12 h, &#8230;<\/p>\n","protected":false},"author":2,"featured_media":3762,"comment_status":"open","ping_status":"open","sticky":false,"template":"","format":"standard","meta":{"footnotes":""},"categories":[17],"tags":[],"class_list":["post-3761","post","type-post","status-publish","format-standard","has-post-thumbnail","hentry","category-exposicions-espai-eat-art"],"_links":{"self":[{"href":"http:\/\/fundaciolluiscoromina.org\/index.php\/wp-json\/wp\/v2\/posts\/3761","targetHints":{"allow":["GET"]}}],"collection":[{"href":"http:\/\/fundaciolluiscoromina.org\/index.php\/wp-json\/wp\/v2\/posts"}],"about":[{"href":"http:\/\/fundaciolluiscoromina.org\/index.php\/wp-json\/wp\/v2\/types\/post"}],"author":[{"embeddable":true,"href":"http:\/\/fundaciolluiscoromina.org\/index.php\/wp-json\/wp\/v2\/users\/2"}],"replies":[{"embeddable":true,"href":"http:\/\/fundaciolluiscoromina.org\/index.php\/wp-json\/wp\/v2\/comments?post=3761"}],"version-history":[{"count":0,"href":"http:\/\/fundaciolluiscoromina.org\/index.php\/wp-json\/wp\/v2\/posts\/3761\/revisions"}],"wp:attachment":[{"href":"http:\/\/fundaciolluiscoromina.org\/index.php\/wp-json\/wp\/v2\/media?parent=3761"}],"wp:term":[{"taxonomy":"category","embeddable":true,"href":"http:\/\/fundaciolluiscoromina.org\/index.php\/wp-json\/wp\/v2\/categories?post=3761"},{"taxonomy":"post_tag","embeddable":true,"href":"http:\/\/fundaciolluiscoromina.org\/index.php\/wp-json\/wp\/v2\/tags?post=3761"}],"curies":[{"name":"wp","href":"https:\/\/api.w.org\/{rel}","templated":true}]}}