{"id":3767,"date":"2018-05-07T09:00:38","date_gmt":"2018-05-07T07:00:38","guid":{"rendered":"http:\/\/www.fundaciolluiscoromina.org\/?p=3767"},"modified":"2018-05-07T09:00:38","modified_gmt":"2018-05-07T07:00:38","slug":"volta-solidaria-a-lestany-de-banyoles","status":"publish","type":"post","link":"http:\/\/fundaciolluiscoromina.org\/index.php\/2018\/05\/07\/volta-solidaria-a-lestany-de-banyoles\/","title":{"rendered":"Volta solid\u00e0ria a l&#8217;Estany de Banyoles"},"content":{"rendered":"<p>La Fundaci\u00f3 Llu\u00eds Coromina d\u00f3na suport a les activitats dutes a terme per l\u2019Associaci\u00f3 Aigua Solid\u00e0ria, entre altres una caminada solid\u00e0ria al voltant de l&#8217;Estany de Banyoles en qu\u00e8 l\u2019Escola de Natura explicar\u00e0 la flora i fauna que ens envolta. Acabada la caminada, es presentar\u00e0 l&#8217;Associaci\u00f3 Aigua Solid\u00e0ria per membres de la mateixa. En el decurs de l&#8217;acte es far\u00e0 lliurament d&#8217;un xec a la Fundaci\u00f3 Vicente Ferrer de l&#8217;import de les donacions assolides fins aquest moment i que permeten finan\u00e7ar el primer comprom\u00eds d&#8217;Aigua Solid\u00e0ria: l&#8217;embassament a la localitat de Kunukuntla. El president de la Fundaci\u00f3, Llu\u00eds Coromina assistir\u00e0 a l\u2019acte, i en nom de la Fundaci\u00f3 Vicente Ferrer hi participaran Jordi Folgado Ferrer, nebot de Vicente Ferrer (director general de la Fundaci\u00f3) i Lancy Dodem, nascut a Anapur, que es considera el primer nen apadrinat de la Fundaci\u00f3 i que \u00e9s portaveu de la Fundaci\u00f3.<\/p>\n<p>Data: diumenge 13 de maig<br \/>\nLloc: Estany de Banyoles<br \/>\nHoraris: Caminada Solid\u00e0ria a les 11 h.<\/p>\n","protected":false},"excerpt":{"rendered":"<p>La Fundaci\u00f3 Llu\u00eds Coromina d\u00f3na suport a les activitats dutes a terme per l\u2019Associaci\u00f3 Aigua Solid\u00e0ria, entre altres una caminada &#8230;<\/p>\n","protected":false},"author":2,"featured_media":3768,"comment_status":"open","ping_status":"open","sticky":false,"template":"","format":"standard","meta":{"footnotes":""},"categories":[15,10],"tags":[],"class_list":["post-3767","post","type-post","status-publish","format-standard","has-post-thumbnail","hentry","category-accions-socials","category-activitats"],"_links":{"self":[{"href":"http:\/\/fundaciolluiscoromina.org\/index.php\/wp-json\/wp\/v2\/posts\/3767","targetHints":{"allow":["GET"]}}],"collection":[{"href":"http:\/\/fundaciolluiscoromina.org\/index.php\/wp-json\/wp\/v2\/posts"}],"about":[{"href":"http:\/\/fundaciolluiscoromina.org\/index.php\/wp-json\/wp\/v2\/types\/post"}],"author":[{"embeddable":true,"href":"http:\/\/fundaciolluiscoromina.org\/index.php\/wp-json\/wp\/v2\/users\/2"}],"replies":[{"embeddable":true,"href":"http:\/\/fundaciolluiscoromina.org\/index.php\/wp-json\/wp\/v2\/comments?post=3767"}],"version-history":[{"count":0,"href":"http:\/\/fundaciolluiscoromina.org\/index.php\/wp-json\/wp\/v2\/posts\/3767\/revisions"}],"wp:attachment":[{"href":"http:\/\/fundaciolluiscoromina.org\/index.php\/wp-json\/wp\/v2\/media?parent=3767"}],"wp:term":[{"taxonomy":"category","embeddable":true,"href":"http:\/\/fundaciolluiscoromina.org\/index.php\/wp-json\/wp\/v2\/categories?post=3767"},{"taxonomy":"post_tag","embeddable":true,"href":"http:\/\/fundaciolluiscoromina.org\/index.php\/wp-json\/wp\/v2\/tags?post=3767"}],"curies":[{"name":"wp","href":"https:\/\/api.w.org\/{rel}","templated":true}]}}