{"id":3774,"date":"2018-05-10T18:39:43","date_gmt":"2018-05-10T16:39:43","guid":{"rendered":"http:\/\/www.fundaciolluiscoromina.org\/?p=3774"},"modified":"2018-05-10T18:39:43","modified_gmt":"2018-05-10T16:39:43","slug":"humans-musica-de-paco-viciana-fotografies-de-tino-soriano-i-coreografies-dalba-carretero","status":"publish","type":"post","link":"http:\/\/fundaciolluiscoromina.org\/index.php\/2018\/05\/10\/humans-musica-de-paco-viciana-fotografies-de-tino-soriano-i-coreografies-dalba-carretero\/","title":{"rendered":"&#8216;Humans&#8217;: m\u00fasica de Paco Viciana, fotografies de Tino Soriano i coreografies d&#8217;Alba Carretero"},"content":{"rendered":"<p>La Fundaci\u00f3 Llu\u00eds Coromina \u2013 Espai Eat Art acull <em>&#8216;Humans&#8217;<\/em>, una exposici\u00f3 inspirada en l\u2019espectacle originari del compositor i pianista Paco Viciana en qu\u00e8 es podran veure, sobreposades a la seva m\u00fasica, fotografies del reconegut fot\u00f2graf Tino Soriano i coreografies de la ballarina Alba Carretero. Una aproximaci\u00f3 particular i curiosa a la realitat humana a trav\u00e9s de tres llenguatges tan humans com s\u00f3n la m\u00fasica, la dansa i la fotografia. Un viatge humil i agosarat a all\u00f2 que ens defineix.<\/p>\n<p>L&#8217;exposici\u00f3, que forma part de les activitats paral\u00b7leles del Festival (a)ph\u00f2nica, es podr\u00e0 veure del dissabte 19 de maig al dissabte 28 de juliol, i s&#8217;inaugurar\u00e0 el pr\u00f2xim 19 de maig a les 12:30 h.<\/p>\n<p>&nbsp;<\/p>\n","protected":false},"excerpt":{"rendered":"<p>La Fundaci\u00f3 Llu\u00eds Coromina \u2013 Espai Eat Art acull &#8216;Humans&#8217;, una exposici\u00f3 inspirada en l\u2019espectacle originari del compositor i pianista &#8230;<\/p>\n","protected":false},"author":2,"featured_media":3772,"comment_status":"open","ping_status":"open","sticky":false,"template":"","format":"standard","meta":{"footnotes":""},"categories":[17],"tags":[],"class_list":["post-3774","post","type-post","status-publish","format-standard","has-post-thumbnail","hentry","category-exposicions-espai-eat-art"],"_links":{"self":[{"href":"http:\/\/fundaciolluiscoromina.org\/index.php\/wp-json\/wp\/v2\/posts\/3774","targetHints":{"allow":["GET"]}}],"collection":[{"href":"http:\/\/fundaciolluiscoromina.org\/index.php\/wp-json\/wp\/v2\/posts"}],"about":[{"href":"http:\/\/fundaciolluiscoromina.org\/index.php\/wp-json\/wp\/v2\/types\/post"}],"author":[{"embeddable":true,"href":"http:\/\/fundaciolluiscoromina.org\/index.php\/wp-json\/wp\/v2\/users\/2"}],"replies":[{"embeddable":true,"href":"http:\/\/fundaciolluiscoromina.org\/index.php\/wp-json\/wp\/v2\/comments?post=3774"}],"version-history":[{"count":0,"href":"http:\/\/fundaciolluiscoromina.org\/index.php\/wp-json\/wp\/v2\/posts\/3774\/revisions"}],"wp:attachment":[{"href":"http:\/\/fundaciolluiscoromina.org\/index.php\/wp-json\/wp\/v2\/media?parent=3774"}],"wp:term":[{"taxonomy":"category","embeddable":true,"href":"http:\/\/fundaciolluiscoromina.org\/index.php\/wp-json\/wp\/v2\/categories?post=3774"},{"taxonomy":"post_tag","embeddable":true,"href":"http:\/\/fundaciolluiscoromina.org\/index.php\/wp-json\/wp\/v2\/tags?post=3774"}],"curies":[{"name":"wp","href":"https:\/\/api.w.org\/{rel}","templated":true}]}}