{"id":3784,"date":"2018-05-14T10:15:15","date_gmt":"2018-05-14T08:15:15","guid":{"rendered":"http:\/\/www.fundaciolluiscoromina.org\/?p=3784"},"modified":"2018-05-14T10:15:15","modified_gmt":"2018-05-14T08:15:15","slug":"el-jazz-del-grup-nn-arriba-a-lespai-eat-art-de-la-ma-de-fem-jazz","status":"publish","type":"post","link":"http:\/\/fundaciolluiscoromina.org\/index.php\/2018\/05\/14\/el-jazz-del-grup-nn-arriba-a-lespai-eat-art-de-la-ma-de-fem-jazz\/","title":{"rendered":"El jazz del grup NN arriba a l&#8217;Espai Eat Art de la m\u00e0 de FEM Jazz"},"content":{"rendered":"<p>La Fundaci\u00f3 Llu\u00eds Coromina d\u00f3na suport al Festival d&#8217;Emerg\u00e8ncies Musicals FEM Jazz, organitzat pel Taller de M\u00fasica de Banyoles. La cita, replantejada des de fa un parell d&#8217;anys com el Festival d&#8217;Emerg\u00e8ncies Musicals FEM Jazz!, arriba enguany a la 25a edici\u00f3. La producci\u00f3 del Festival ser\u00e0 un homenatge a la prol\u00edfica escena musical de Banyoles i els seus himnes. Aix\u00ed com de propostes variades, partint del jazz i estenent-se a altres estils de m\u00fasica, des de la m\u00e9s ballable a la m\u00e9s experimental. L\u2019Espai Eat Art acollir\u00e0 el concert d\u2019NN, un duo de la saxofonista alemanya Annika Francke, establerta a Barcelona i Berna (Su\u00efssa) i el bateria Jonni Sigil, que s&#8217; s\u2019ha format entre Catalunya, Cuba i Nova York. Aquests m\u00fasics d&#8217;avantguarda s\u00f3n adoradors del caos i el desordre positiu, el qual utilitzen per fer una m\u00fasica carregada de textures, energia i brutalitat, per\u00f2 a la vegada subtil i controlada.<\/p>\n","protected":false},"excerpt":{"rendered":"<p>La Fundaci\u00f3 Llu\u00eds Coromina d\u00f3na suport al Festival d&#8217;Emerg\u00e8ncies Musicals FEM Jazz, organitzat pel Taller de M\u00fasica de Banyoles. La &#8230;<\/p>\n","protected":false},"author":2,"featured_media":3782,"comment_status":"open","ping_status":"open","sticky":false,"template":"","format":"standard","meta":{"footnotes":""},"categories":[10],"tags":[],"class_list":["post-3784","post","type-post","status-publish","format-standard","has-post-thumbnail","hentry","category-activitats"],"_links":{"self":[{"href":"http:\/\/fundaciolluiscoromina.org\/index.php\/wp-json\/wp\/v2\/posts\/3784","targetHints":{"allow":["GET"]}}],"collection":[{"href":"http:\/\/fundaciolluiscoromina.org\/index.php\/wp-json\/wp\/v2\/posts"}],"about":[{"href":"http:\/\/fundaciolluiscoromina.org\/index.php\/wp-json\/wp\/v2\/types\/post"}],"author":[{"embeddable":true,"href":"http:\/\/fundaciolluiscoromina.org\/index.php\/wp-json\/wp\/v2\/users\/2"}],"replies":[{"embeddable":true,"href":"http:\/\/fundaciolluiscoromina.org\/index.php\/wp-json\/wp\/v2\/comments?post=3784"}],"version-history":[{"count":0,"href":"http:\/\/fundaciolluiscoromina.org\/index.php\/wp-json\/wp\/v2\/posts\/3784\/revisions"}],"wp:attachment":[{"href":"http:\/\/fundaciolluiscoromina.org\/index.php\/wp-json\/wp\/v2\/media?parent=3784"}],"wp:term":[{"taxonomy":"category","embeddable":true,"href":"http:\/\/fundaciolluiscoromina.org\/index.php\/wp-json\/wp\/v2\/categories?post=3784"},{"taxonomy":"post_tag","embeddable":true,"href":"http:\/\/fundaciolluiscoromina.org\/index.php\/wp-json\/wp\/v2\/tags?post=3784"}],"curies":[{"name":"wp","href":"https:\/\/api.w.org\/{rel}","templated":true}]}}