{"id":3791,"date":"2018-05-31T18:24:12","date_gmt":"2018-05-31T16:24:12","guid":{"rendered":"http:\/\/www.fundaciolluiscoromina.org\/?p=3791"},"modified":"2018-05-31T18:24:12","modified_gmt":"2018-05-31T16:24:12","slug":"mostra-de-bonsais-a-lespai-eat-art","status":"publish","type":"post","link":"http:\/\/fundaciolluiscoromina.org\/index.php\/2018\/05\/31\/mostra-de-bonsais-a-lespai-eat-art\/","title":{"rendered":"Mostra de Bonsais a l&#8217;Espai Eat Art"},"content":{"rendered":"<p>Aquest divendres 1 de juny s&#8217;inaugura l&#8217;Exposici\u00f3 de Bonais del Grup de Bonsai del Centre Excursionista de Banyoles,\u00a0 amb la participaci\u00f3 d&#8217;arbres seleccionats que aporten tant els cultivadors locals com d&#8217;altres proced\u00e8ncies. Enguany, el monogr\u00e0fic anir\u00e0 a c\u00e0rrec de Joan Anglada, de Sant Joan de les Abadesses, un dels pioners i entusiastes d&#8217;aquest art a les comarques gironines. L&#8217;exposici\u00f3 s&#8217;inaugurar\u00e0 el divendres 1 de juny a les 19 h, i es podr\u00e0 veure en aquests horaris:<\/p>\n<p>Dissabte 2 de juny, de 10 a 14 h i de 16 a 21 h.<\/p>\n<p>Diumenge 3 de juny, de 10 a 14 h i de 16 a 20 h.<\/p>\n<p>&nbsp;<\/p>\n","protected":false},"excerpt":{"rendered":"<p>Aquest divendres 1 de juny s&#8217;inaugura l&#8217;Exposici\u00f3 de Bonais del Grup de Bonsai del Centre Excursionista de Banyoles,\u00a0 amb la &#8230;<\/p>\n","protected":false},"author":2,"featured_media":3789,"comment_status":"open","ping_status":"open","sticky":false,"template":"","format":"standard","meta":{"footnotes":""},"categories":[17],"tags":[],"class_list":["post-3791","post","type-post","status-publish","format-standard","has-post-thumbnail","hentry","category-exposicions-espai-eat-art"],"_links":{"self":[{"href":"http:\/\/fundaciolluiscoromina.org\/index.php\/wp-json\/wp\/v2\/posts\/3791","targetHints":{"allow":["GET"]}}],"collection":[{"href":"http:\/\/fundaciolluiscoromina.org\/index.php\/wp-json\/wp\/v2\/posts"}],"about":[{"href":"http:\/\/fundaciolluiscoromina.org\/index.php\/wp-json\/wp\/v2\/types\/post"}],"author":[{"embeddable":true,"href":"http:\/\/fundaciolluiscoromina.org\/index.php\/wp-json\/wp\/v2\/users\/2"}],"replies":[{"embeddable":true,"href":"http:\/\/fundaciolluiscoromina.org\/index.php\/wp-json\/wp\/v2\/comments?post=3791"}],"version-history":[{"count":0,"href":"http:\/\/fundaciolluiscoromina.org\/index.php\/wp-json\/wp\/v2\/posts\/3791\/revisions"}],"wp:attachment":[{"href":"http:\/\/fundaciolluiscoromina.org\/index.php\/wp-json\/wp\/v2\/media?parent=3791"}],"wp:term":[{"taxonomy":"category","embeddable":true,"href":"http:\/\/fundaciolluiscoromina.org\/index.php\/wp-json\/wp\/v2\/categories?post=3791"},{"taxonomy":"post_tag","embeddable":true,"href":"http:\/\/fundaciolluiscoromina.org\/index.php\/wp-json\/wp\/v2\/tags?post=3791"}],"curies":[{"name":"wp","href":"https:\/\/api.w.org\/{rel}","templated":true}]}}