{"id":3804,"date":"2018-06-10T20:41:52","date_gmt":"2018-06-10T18:41:52","guid":{"rendered":"http:\/\/www.fundaciolluiscoromina.org\/?p=3804"},"modified":"2018-06-10T20:41:52","modified_gmt":"2018-06-10T18:41:52","slug":"concert-dintana-i-liceu-a-la-fresca-a-lespai-eat-art-de-la-ma-del-festival-aphonica","status":"publish","type":"post","link":"http:\/\/fundaciolluiscoromina.org\/index.php\/2018\/06\/10\/concert-dintana-i-liceu-a-la-fresca-a-lespai-eat-art-de-la-ma-del-festival-aphonica\/","title":{"rendered":"Concert d&#8217;Intana i Liceu a la Fresca a l&#8217;Espai Eat Art, de la m\u00e0 del Festival (a)ph\u00f2nica"},"content":{"rendered":"<p>Aquest dimecres 13 de juny comen\u00e7a la 15a edici\u00f3 de l'(a)ph\u00f2nica, Festival de la Veu de Banyoles. I la Fundaci\u00f3 Llu\u00eds Coromina &#8211; Espai Eat Art acollir\u00e0 dues activitats. Per una banda, el concert d&#8217;<strong>Intana<\/strong>, el pr\u00f2xim dissabte 16 de juny a les 12 h (gratu\u00eft, aforament limitat). Es tracta d&#8217;un projecte barcelon\u00ed liderat per la veu de la cantant i compositora N\u00faria Moliner, de pop ac\u00fastic, lluent i \u00edntim amb tocs de folk.\u00a0La segona activitat que s&#8217;hi dur\u00e0 a terme \u00e9s la projecci\u00f3, en el marc de <em>Liceu a la Fresca<\/em>, de l\u2019\u00f2pera <em>Manon Lescaut<\/em>, un drama l\u00edric en quatre actes amb llibret de Domenico Oliva i Luigi Illica, i amb m\u00fasica de Giacomo Puccini, que es representar\u00e0 al Gran Teatre del Liceu. Estrenada a Tor\u00ed el 1893, aquesta obra va ser el primer gran \u00e8xit de Puccini (1858-1924), un dels compositors m\u00e9s rellevants del corrent conegut com a verisme. Per a m\u00e9s informaci\u00f3: <a href=\"http:\/\/www.aphonica.banyoles.cat\">wwww.aphonica.banyoles.cat<\/a><\/p>\n<section id=\"showtime-main-description\"><\/section>\n","protected":false},"excerpt":{"rendered":"<p>Aquest dimecres 13 de juny comen\u00e7a la 15a edici\u00f3 de l'(a)ph\u00f2nica, Festival de la Veu de Banyoles. I la Fundaci\u00f3 &#8230;<\/p>\n","protected":false},"author":2,"featured_media":3798,"comment_status":"open","ping_status":"open","sticky":false,"template":"","format":"standard","meta":{"footnotes":""},"categories":[10],"tags":[],"class_list":["post-3804","post","type-post","status-publish","format-standard","has-post-thumbnail","hentry","category-activitats"],"_links":{"self":[{"href":"http:\/\/fundaciolluiscoromina.org\/index.php\/wp-json\/wp\/v2\/posts\/3804","targetHints":{"allow":["GET"]}}],"collection":[{"href":"http:\/\/fundaciolluiscoromina.org\/index.php\/wp-json\/wp\/v2\/posts"}],"about":[{"href":"http:\/\/fundaciolluiscoromina.org\/index.php\/wp-json\/wp\/v2\/types\/post"}],"author":[{"embeddable":true,"href":"http:\/\/fundaciolluiscoromina.org\/index.php\/wp-json\/wp\/v2\/users\/2"}],"replies":[{"embeddable":true,"href":"http:\/\/fundaciolluiscoromina.org\/index.php\/wp-json\/wp\/v2\/comments?post=3804"}],"version-history":[{"count":0,"href":"http:\/\/fundaciolluiscoromina.org\/index.php\/wp-json\/wp\/v2\/posts\/3804\/revisions"}],"wp:attachment":[{"href":"http:\/\/fundaciolluiscoromina.org\/index.php\/wp-json\/wp\/v2\/media?parent=3804"}],"wp:term":[{"taxonomy":"category","embeddable":true,"href":"http:\/\/fundaciolluiscoromina.org\/index.php\/wp-json\/wp\/v2\/categories?post=3804"},{"taxonomy":"post_tag","embeddable":true,"href":"http:\/\/fundaciolluiscoromina.org\/index.php\/wp-json\/wp\/v2\/tags?post=3804"}],"curies":[{"name":"wp","href":"https:\/\/api.w.org\/{rel}","templated":true}]}}