{"id":3811,"date":"2018-06-25T13:17:24","date_gmt":"2018-06-25T11:17:24","guid":{"rendered":"http:\/\/www.fundaciolluiscoromina.org\/?p=3811"},"modified":"2018-06-25T13:17:24","modified_gmt":"2018-06-25T11:17:24","slug":"cinema-el-vent-es-aixo-de-pere-vila","status":"publish","type":"post","link":"http:\/\/fundaciolluiscoromina.org\/index.php\/2018\/06\/25\/cinema-el-vent-es-aixo-de-pere-vila\/","title":{"rendered":"Cinema i debat: &#8216;El vent \u00e9s aix\u00f2&#8217;, de Pere Vil\u00e0"},"content":{"rendered":"<p>El pr\u00f2xim dijous 12 de juliol a les 18:30 h, l\u2019Espai Eat Art acollir\u00e0 la projecci\u00f3 del llargmetratge <em>El vent \u00e9s aix\u00f2<\/em>, de Pere Vil\u00e0. Un film realitzat amb l\u2019IES Sobrequ\u00e9s de Girona al voltant dels transtorns alimentaris, del qual la Fundaci\u00f3 Llu\u00eds Coromina \u00e9s col\u00b7laboradora.<\/p>\n<p>Des del curs 2016-2017 l&#8217;IES Sobrequ\u00e9s ha intensificat la pres\u00e8ncia del cinema com a assignatura de Batxillerat Art\u00edstic. D&#8217;aquest projecte educatiu n&#8217;ha sorgit la idea de realitzar aquest llargmetratge, coordinat pel director de cinema Pere Vil\u00e0 que, amb la col\u00b7laboraci\u00f3 d&#8217;altres professionals i actrius de renom, han ofert als alumnes una experi\u00e8ncia cinematogr\u00e0fica sense precedents.<\/p>\n<p>El projecte del llargmetratge es va materialitzar en el moment en qu\u00e8 es van detectar diversos casos de transtorns alimentaris a l&#8217;institut. En aquell moment, parlant amb les noies afectades es va descobrir una part d&#8217;elles que no apareixia ni a Internet, ni als llibres de consulta. Aix\u00ed, es van comen\u00e7ar a projectar emocions, traumes i fets vitals \u00fanics. La pel\u00b7l\u00edcula vol parlar de la part m\u00e9s amagada de les persones que pateixen transtorns i, per tant, esdev\u00e9 una eina d&#8217;enorme valor per ser vista per altres persones que viuen situacions semblants.<\/p>\n<p>L\u2019acte s\u2019iniciar\u00e0 amb una breu presentaci\u00f3 i en finalitzar el visionat s\u2019obrir\u00e0 un debat amb la participaci\u00f3 de Pere Vil\u00e0, director del film; S\u00edlvia Porras, del Punt de salut jove Cal Drac de Banyoles; Eva Collell, de l&#8217;\u00c0rea Social de la Fundaci\u00f3 Llu\u00eds Coromina, i Mario Rebugent i Paula Comas, alumnes que van ajudar en la direcci\u00f3 de la pel\u00b7l\u00edcula.<\/p>\n","protected":false},"excerpt":{"rendered":"<p>El pr\u00f2xim dijous 12 de juliol a les 18:30 h, l\u2019Espai Eat Art acollir\u00e0 la projecci\u00f3 del llargmetratge El vent &#8230;<\/p>\n","protected":false},"author":2,"featured_media":3813,"comment_status":"open","ping_status":"open","sticky":false,"template":"","format":"standard","meta":{"footnotes":""},"categories":[10],"tags":[],"class_list":["post-3811","post","type-post","status-publish","format-standard","has-post-thumbnail","hentry","category-activitats"],"_links":{"self":[{"href":"http:\/\/fundaciolluiscoromina.org\/index.php\/wp-json\/wp\/v2\/posts\/3811","targetHints":{"allow":["GET"]}}],"collection":[{"href":"http:\/\/fundaciolluiscoromina.org\/index.php\/wp-json\/wp\/v2\/posts"}],"about":[{"href":"http:\/\/fundaciolluiscoromina.org\/index.php\/wp-json\/wp\/v2\/types\/post"}],"author":[{"embeddable":true,"href":"http:\/\/fundaciolluiscoromina.org\/index.php\/wp-json\/wp\/v2\/users\/2"}],"replies":[{"embeddable":true,"href":"http:\/\/fundaciolluiscoromina.org\/index.php\/wp-json\/wp\/v2\/comments?post=3811"}],"version-history":[{"count":0,"href":"http:\/\/fundaciolluiscoromina.org\/index.php\/wp-json\/wp\/v2\/posts\/3811\/revisions"}],"wp:attachment":[{"href":"http:\/\/fundaciolluiscoromina.org\/index.php\/wp-json\/wp\/v2\/media?parent=3811"}],"wp:term":[{"taxonomy":"category","embeddable":true,"href":"http:\/\/fundaciolluiscoromina.org\/index.php\/wp-json\/wp\/v2\/categories?post=3811"},{"taxonomy":"post_tag","embeddable":true,"href":"http:\/\/fundaciolluiscoromina.org\/index.php\/wp-json\/wp\/v2\/tags?post=3811"}],"curies":[{"name":"wp","href":"https:\/\/api.w.org\/{rel}","templated":true}]}}