{"id":3822,"date":"2018-07-18T10:47:22","date_gmt":"2018-07-18T08:47:22","guid":{"rendered":"http:\/\/www.fundaciolluiscoromina.org\/?p=3822"},"modified":"2018-07-18T10:47:22","modified_gmt":"2018-07-18T08:47:22","slug":"prorrogada-fins-al-19-dagost-lexposicio-humans","status":"publish","type":"post","link":"http:\/\/fundaciolluiscoromina.org\/index.php\/2018\/07\/18\/prorrogada-fins-al-19-dagost-lexposicio-humans\/","title":{"rendered":"Prorrogada del 12 al 17 d&#8217;agost l&#8217;exposici\u00f3 &#8216;Humans&#8217;"},"content":{"rendered":"<p>L&#8217;exposici\u00f3 Humans, que es pot veure a la Fundaci\u00f3 Llu\u00eds Coromina \u2013 Espai Eat Art es prorroga del 12 al 17 d&#8217;agost. Aquesta mostra, inspirada en l\u2019espectacle originari del compositor i pianista Paco Viciana, compta amb fotografies del reconegut fot\u00f2graf Tino Soriano i coreografies de la ballarina Alba Carretero. Una aproximaci\u00f3 particular i curiosa a la realitat humana a trav\u00e9s de tres llenguatges tan humans com s\u00f3n la m\u00fasica, la dansa i la fotografia.<\/p>\n<p>Els horaris per veure l&#8217;exposici\u00f3 s\u00f3n:<\/p>\n<p>Diumenge 12 d&#8217;agost, d&#8217;11 h a 14 h i de 16.30 h a 20.30 h<br \/>\nDilluns 13 i dimarts 14 d&#8217;agost de 16.30 h a 20.30 h<br \/>\nDimecres 15 d&#8217;agost d&#8217;11 h a 14 h i de 16.30 h a 20.30 h<br \/>\nDijous 16 i divendres 17 d&#8217;agost de 16.30 h a 20.30 h<\/p>\n","protected":false},"excerpt":{"rendered":"<p>L&#8217;exposici\u00f3 Humans, que es pot veure a la Fundaci\u00f3 Llu\u00eds Coromina \u2013 Espai Eat Art es prorroga del 12 al &#8230;<\/p>\n","protected":false},"author":2,"featured_media":3823,"comment_status":"open","ping_status":"open","sticky":false,"template":"","format":"standard","meta":{"footnotes":""},"categories":[17],"tags":[],"class_list":["post-3822","post","type-post","status-publish","format-standard","has-post-thumbnail","hentry","category-exposicions-espai-eat-art"],"_links":{"self":[{"href":"http:\/\/fundaciolluiscoromina.org\/index.php\/wp-json\/wp\/v2\/posts\/3822","targetHints":{"allow":["GET"]}}],"collection":[{"href":"http:\/\/fundaciolluiscoromina.org\/index.php\/wp-json\/wp\/v2\/posts"}],"about":[{"href":"http:\/\/fundaciolluiscoromina.org\/index.php\/wp-json\/wp\/v2\/types\/post"}],"author":[{"embeddable":true,"href":"http:\/\/fundaciolluiscoromina.org\/index.php\/wp-json\/wp\/v2\/users\/2"}],"replies":[{"embeddable":true,"href":"http:\/\/fundaciolluiscoromina.org\/index.php\/wp-json\/wp\/v2\/comments?post=3822"}],"version-history":[{"count":0,"href":"http:\/\/fundaciolluiscoromina.org\/index.php\/wp-json\/wp\/v2\/posts\/3822\/revisions"}],"wp:attachment":[{"href":"http:\/\/fundaciolluiscoromina.org\/index.php\/wp-json\/wp\/v2\/media?parent=3822"}],"wp:term":[{"taxonomy":"category","embeddable":true,"href":"http:\/\/fundaciolluiscoromina.org\/index.php\/wp-json\/wp\/v2\/categories?post=3822"},{"taxonomy":"post_tag","embeddable":true,"href":"http:\/\/fundaciolluiscoromina.org\/index.php\/wp-json\/wp\/v2\/tags?post=3822"}],"curies":[{"name":"wp","href":"https:\/\/api.w.org\/{rel}","templated":true}]}}