{"id":3839,"date":"2018-09-03T10:29:09","date_gmt":"2018-09-03T08:29:09","guid":{"rendered":"http:\/\/www.fundaciolluiscoromina.org\/?p=3839"},"modified":"2018-09-03T10:29:09","modified_gmt":"2018-09-03T08:29:09","slug":"jornades-pec-aprendre-el-sistema-de-comunicacio-per-intercanvi-dimatges","status":"publish","type":"post","link":"http:\/\/fundaciolluiscoromina.org\/index.php\/2018\/09\/03\/jornades-pec-aprendre-el-sistema-de-comunicacio-per-intercanvi-dimatges\/","title":{"rendered":"Jornades PEC: aprendre el Sistema de Comunicaci\u00f3 per Intercanvi d\u2019Imatges"},"content":{"rendered":"<p>El Puntal \u2013 Laboratori de les Arts de la Fundaci\u00f3 Llu\u00eds Coromina acollir\u00e0 les jornades PECS nivell 1, organitzades per Mas Casadevall i que seran a c\u00e0rrec de la formadora S\u00f2nia Vilaltella. Es tracta d\u2019unes sessions dirigides a logopedes, mestres, terapeutes ocupacionals, educadors socials i fam\u00edlies de persones amb TEA i TGD, en qu\u00e8 s\u2019aprendran les bases per implementar el Sistema de Comunicaci\u00f3 per Intercanvi d\u2019Imatges. Un sistema de comunicaci\u00f3 alternatiu per a infants i adults amb transtorns de la comunicaci\u00f3. Les dates en les quals es dur\u00e0 a terme s\u00f3n: divendres 28 de setembre de 15 h a 20 h i dissabte 29 de setembre de 9 h a 14 h i de 15 h a 18 h. Informaci\u00f3 i inscripcions: formacio@mascasadevall.net<\/p>\n","protected":false},"excerpt":{"rendered":"<p>El Puntal \u2013 Laboratori de les Arts de la Fundaci\u00f3 Llu\u00eds Coromina acollir\u00e0 les jornades PECS nivell 1, organitzades per &#8230;<\/p>\n","protected":false},"author":2,"featured_media":3841,"comment_status":"open","ping_status":"open","sticky":false,"template":"","format":"standard","meta":{"footnotes":""},"categories":[10,11],"tags":[],"class_list":["post-3839","post","type-post","status-publish","format-standard","has-post-thumbnail","hentry","category-activitats","category-educacio-2"],"_links":{"self":[{"href":"http:\/\/fundaciolluiscoromina.org\/index.php\/wp-json\/wp\/v2\/posts\/3839","targetHints":{"allow":["GET"]}}],"collection":[{"href":"http:\/\/fundaciolluiscoromina.org\/index.php\/wp-json\/wp\/v2\/posts"}],"about":[{"href":"http:\/\/fundaciolluiscoromina.org\/index.php\/wp-json\/wp\/v2\/types\/post"}],"author":[{"embeddable":true,"href":"http:\/\/fundaciolluiscoromina.org\/index.php\/wp-json\/wp\/v2\/users\/2"}],"replies":[{"embeddable":true,"href":"http:\/\/fundaciolluiscoromina.org\/index.php\/wp-json\/wp\/v2\/comments?post=3839"}],"version-history":[{"count":0,"href":"http:\/\/fundaciolluiscoromina.org\/index.php\/wp-json\/wp\/v2\/posts\/3839\/revisions"}],"wp:attachment":[{"href":"http:\/\/fundaciolluiscoromina.org\/index.php\/wp-json\/wp\/v2\/media?parent=3839"}],"wp:term":[{"taxonomy":"category","embeddable":true,"href":"http:\/\/fundaciolluiscoromina.org\/index.php\/wp-json\/wp\/v2\/categories?post=3839"},{"taxonomy":"post_tag","embeddable":true,"href":"http:\/\/fundaciolluiscoromina.org\/index.php\/wp-json\/wp\/v2\/tags?post=3839"}],"curies":[{"name":"wp","href":"https:\/\/api.w.org\/{rel}","templated":true}]}}