{"id":3848,"date":"2018-09-05T09:34:21","date_gmt":"2018-09-05T07:34:21","guid":{"rendered":"http:\/\/www.fundaciolluiscoromina.org\/?p=3848"},"modified":"2018-09-05T09:34:21","modified_gmt":"2018-09-05T07:34:21","slug":"els-75-anys-de-travessia-de-lestany-exposats","status":"publish","type":"post","link":"http:\/\/fundaciolluiscoromina.org\/index.php\/2018\/09\/05\/els-75-anys-de-travessia-de-lestany-exposats\/","title":{"rendered":"Els 75 anys de la Travessia de l&#8217;Estany, exposats"},"content":{"rendered":"<div>\n<div title=\"Page 1\">\n<div>\n<div>\n<div>La Fundaci\u00f3 Llu\u00eds Coromina &#8211; Espai Eat Art presenta <strong>\u00abCar\u00e0cter\u00bb art\u00edstic. 75\u00e8 aniversari de la Travessia de l&#8217;Estany<\/strong>. Una exposici\u00f3 comissariada per Antoni Bramon que mostra el car\u00e0cter art\u00edstic d&#8217;aquesta prova esportiva banyolina i que comptar\u00e0 amb una pe\u00e7a escult\u00f2rica al\u00b7leg\u00f2rica de l&#8217;escut del Club Nataci\u00f3 Banyoles -obra de Josep Ponsat\u00ed- i tot un seguit de quadres i grafismes que van ser i s\u00f3n la base dels cartells i altres elements visuals de la Travessia.<\/div>\n<div><\/div>\n<div>La Travessia de l&#8217;Estany se celebra des de l&#8217;any 1944 i, a trav\u00e9s dels seus grafismes, es poden observar els canvis en la societat. L&#8217;exposici\u00f3 s&#8217;inaugurar\u00e0 el dissabte 15 de setembre a les 12 h i es podr\u00e0 veure fins al dissabte 3 de novembre.<\/div>\n<\/div>\n<\/div>\n<div><\/div>\n<h4 class=\"null\"><strong>\u00a0<\/strong><\/h4>\n<p>&nbsp;<\/p>\n<\/div>\n<\/div>\n","protected":false},"excerpt":{"rendered":"<p>La Fundaci\u00f3 Llu\u00eds Coromina &#8211; Espai Eat Art presenta \u00abCar\u00e0cter\u00bb art\u00edstic. 75\u00e8 aniversari de la Travessia de l&#8217;Estany. Una exposici\u00f3 &#8230;<\/p>\n","protected":false},"author":2,"featured_media":3847,"comment_status":"open","ping_status":"open","sticky":false,"template":"","format":"standard","meta":{"footnotes":""},"categories":[17],"tags":[],"class_list":["post-3848","post","type-post","status-publish","format-standard","has-post-thumbnail","hentry","category-exposicions-espai-eat-art"],"_links":{"self":[{"href":"http:\/\/fundaciolluiscoromina.org\/index.php\/wp-json\/wp\/v2\/posts\/3848","targetHints":{"allow":["GET"]}}],"collection":[{"href":"http:\/\/fundaciolluiscoromina.org\/index.php\/wp-json\/wp\/v2\/posts"}],"about":[{"href":"http:\/\/fundaciolluiscoromina.org\/index.php\/wp-json\/wp\/v2\/types\/post"}],"author":[{"embeddable":true,"href":"http:\/\/fundaciolluiscoromina.org\/index.php\/wp-json\/wp\/v2\/users\/2"}],"replies":[{"embeddable":true,"href":"http:\/\/fundaciolluiscoromina.org\/index.php\/wp-json\/wp\/v2\/comments?post=3848"}],"version-history":[{"count":0,"href":"http:\/\/fundaciolluiscoromina.org\/index.php\/wp-json\/wp\/v2\/posts\/3848\/revisions"}],"wp:attachment":[{"href":"http:\/\/fundaciolluiscoromina.org\/index.php\/wp-json\/wp\/v2\/media?parent=3848"}],"wp:term":[{"taxonomy":"category","embeddable":true,"href":"http:\/\/fundaciolluiscoromina.org\/index.php\/wp-json\/wp\/v2\/categories?post=3848"},{"taxonomy":"post_tag","embeddable":true,"href":"http:\/\/fundaciolluiscoromina.org\/index.php\/wp-json\/wp\/v2\/tags?post=3848"}],"curies":[{"name":"wp","href":"https:\/\/api.w.org\/{rel}","templated":true}]}}