{"id":3852,"date":"2018-09-06T12:20:33","date_gmt":"2018-09-06T10:20:33","guid":{"rendered":"http:\/\/www.fundaciolluiscoromina.org\/?p=3852"},"modified":"2018-09-06T12:20:33","modified_gmt":"2018-09-06T10:20:33","slug":"can-tista-a-ritme-de-jazz","status":"publish","type":"post","link":"http:\/\/fundaciolluiscoromina.org\/index.php\/2018\/09\/06\/can-tista-a-ritme-de-jazz\/","title":{"rendered":"Can Tista, a ritme de jazz"},"content":{"rendered":"<p>El pr\u00f2xim dissabte 15 de setembre a les 19 h, els jardins de Can Tista (Porqueres) acolliran la jornada <em>Can Tista a ritme de jazz<\/em>. S&#8217;iniciar\u00e0 amb una visita guiada a l&#8217;estudi de l&#8217;artista Carles Fontser\u00e8, i a les 20 h, continuar\u00e0 amb un concert a c\u00e0rrec de Movin&#8217;Wes, un trio de jazz format per Francesc Adroher a la guitarra, Txema Riera al Hammond i Ramon Prats a la bateria. A partir de les 21 h, el Grup gastron\u00f2mic del Pla de l&#8217;Estany oferir\u00e0 un tast de c\u00f2ctels. Aquesta activitat compta amb el suport de la Fundaci\u00f3 Llu\u00eds Coromina.<\/p>\n","protected":false},"excerpt":{"rendered":"<p>El pr\u00f2xim dissabte 15 de setembre a les 19 h, els jardins de Can Tista (Porqueres) acolliran la jornada Can &#8230;<\/p>\n","protected":false},"author":2,"featured_media":3853,"comment_status":"open","ping_status":"open","sticky":false,"template":"","format":"standard","meta":{"footnotes":""},"categories":[10],"tags":[],"class_list":["post-3852","post","type-post","status-publish","format-standard","has-post-thumbnail","hentry","category-activitats"],"_links":{"self":[{"href":"http:\/\/fundaciolluiscoromina.org\/index.php\/wp-json\/wp\/v2\/posts\/3852","targetHints":{"allow":["GET"]}}],"collection":[{"href":"http:\/\/fundaciolluiscoromina.org\/index.php\/wp-json\/wp\/v2\/posts"}],"about":[{"href":"http:\/\/fundaciolluiscoromina.org\/index.php\/wp-json\/wp\/v2\/types\/post"}],"author":[{"embeddable":true,"href":"http:\/\/fundaciolluiscoromina.org\/index.php\/wp-json\/wp\/v2\/users\/2"}],"replies":[{"embeddable":true,"href":"http:\/\/fundaciolluiscoromina.org\/index.php\/wp-json\/wp\/v2\/comments?post=3852"}],"version-history":[{"count":0,"href":"http:\/\/fundaciolluiscoromina.org\/index.php\/wp-json\/wp\/v2\/posts\/3852\/revisions"}],"wp:attachment":[{"href":"http:\/\/fundaciolluiscoromina.org\/index.php\/wp-json\/wp\/v2\/media?parent=3852"}],"wp:term":[{"taxonomy":"category","embeddable":true,"href":"http:\/\/fundaciolluiscoromina.org\/index.php\/wp-json\/wp\/v2\/categories?post=3852"},{"taxonomy":"post_tag","embeddable":true,"href":"http:\/\/fundaciolluiscoromina.org\/index.php\/wp-json\/wp\/v2\/tags?post=3852"}],"curies":[{"name":"wp","href":"https:\/\/api.w.org\/{rel}","templated":true}]}}