{"id":3857,"date":"2018-09-12T12:52:50","date_gmt":"2018-09-12T10:52:50","guid":{"rendered":"http:\/\/www.fundaciolluiscoromina.org\/?p=3857"},"modified":"2018-09-12T12:52:50","modified_gmt":"2018-09-12T10:52:50","slug":"el-percussionista-laurent-paris-en-concert-a-lespai-eat-art","status":"publish","type":"post","link":"http:\/\/fundaciolluiscoromina.org\/index.php\/2018\/09\/12\/el-percussionista-laurent-paris-en-concert-a-lespai-eat-art\/","title":{"rendered":"El percussionista Laurent Paris, en concert a l&#8217;Espai Eat Art"},"content":{"rendered":"<p>El jazz torna a la Fundaci\u00f3 Llu\u00eds Coromina &#8211; Espai Eat Art de la m\u00e0 de Laurent Paris, un dels m\u00fasics que ha expandit els l\u00edmits d&#8217;expressi\u00f3 de la percussi\u00f3, portant-la a terrenys sonors inaudits. Els darrers anys s&#8217;ha centrat en els concerts de percussi\u00f3 sola, on t\u00e9 marge per explorar, encara m\u00e9s, els matisos del seu so. Aquest concert \u00e9s una oportunitat \u00fanica per poder-lo escoltar en viu, ja que l&#8217;artista est\u00e0 de gira per Europa i l&#8217;hem pogut programar de manera excepcional. L&#8217;actuaci\u00f3, organitzada per Fem Jazz, tindr\u00e0 lloc el dijous 27 de setembre a les 21 h. L&#8217;entrada t\u00e9 un preu de 5 euros i l&#8217;aforament \u00e9s limitat.<\/p>\n<p>&nbsp;<\/p>\n","protected":false},"excerpt":{"rendered":"<p>El jazz torna a la Fundaci\u00f3 Llu\u00eds Coromina &#8211; Espai Eat Art de la m\u00e0 de Laurent Paris, un dels &#8230;<\/p>\n","protected":false},"author":2,"featured_media":3858,"comment_status":"open","ping_status":"open","sticky":false,"template":"","format":"standard","meta":{"footnotes":""},"categories":[10],"tags":[],"class_list":["post-3857","post","type-post","status-publish","format-standard","has-post-thumbnail","hentry","category-activitats"],"_links":{"self":[{"href":"http:\/\/fundaciolluiscoromina.org\/index.php\/wp-json\/wp\/v2\/posts\/3857","targetHints":{"allow":["GET"]}}],"collection":[{"href":"http:\/\/fundaciolluiscoromina.org\/index.php\/wp-json\/wp\/v2\/posts"}],"about":[{"href":"http:\/\/fundaciolluiscoromina.org\/index.php\/wp-json\/wp\/v2\/types\/post"}],"author":[{"embeddable":true,"href":"http:\/\/fundaciolluiscoromina.org\/index.php\/wp-json\/wp\/v2\/users\/2"}],"replies":[{"embeddable":true,"href":"http:\/\/fundaciolluiscoromina.org\/index.php\/wp-json\/wp\/v2\/comments?post=3857"}],"version-history":[{"count":0,"href":"http:\/\/fundaciolluiscoromina.org\/index.php\/wp-json\/wp\/v2\/posts\/3857\/revisions"}],"wp:attachment":[{"href":"http:\/\/fundaciolluiscoromina.org\/index.php\/wp-json\/wp\/v2\/media?parent=3857"}],"wp:term":[{"taxonomy":"category","embeddable":true,"href":"http:\/\/fundaciolluiscoromina.org\/index.php\/wp-json\/wp\/v2\/categories?post=3857"},{"taxonomy":"post_tag","embeddable":true,"href":"http:\/\/fundaciolluiscoromina.org\/index.php\/wp-json\/wp\/v2\/tags?post=3857"}],"curies":[{"name":"wp","href":"https:\/\/api.w.org\/{rel}","templated":true}]}}