{"id":3868,"date":"2018-10-11T10:19:10","date_gmt":"2018-10-11T08:19:10","guid":{"rendered":"http:\/\/www.fundaciolluiscoromina.org\/?p=3868"},"modified":"2018-10-11T10:19:10","modified_gmt":"2018-10-11T08:19:10","slug":"josep-ponsati-visions-i-percepcions-a-lespai-eat-art","status":"publish","type":"post","link":"http:\/\/fundaciolluiscoromina.org\/index.php\/2018\/10\/11\/josep-ponsati-visions-i-percepcions-a-lespai-eat-art\/","title":{"rendered":"&#8216;Josep Ponsat\u00ed, visions i percepcions&#8217; a l&#8217;Espai Eat Art"},"content":{"rendered":"<p>Amb motiu de l\u2019exposici\u00f3 \u201cCar\u00e0cter Art\u00edstic\u201d i de la restauraci\u00f3 de la primera obra que l\u2019escultor catal\u00e0 nascut a Banyoles Josep Ponsat\u00ed va fer als anys 60 -un baixrelleu que ha esdevingut el logotip del Club Nataci\u00f3 Banyoles-, la Fundaci\u00f3 Llu\u00eds Coromina organitza un acte en qu\u00e8 es presentar\u00e0 un documental del proc\u00e9s de reconstrucci\u00f3 de l\u2019obra, i una taula rodona per aproximar-nos a la dimensi\u00f3 escult\u00f2rica d\u2019uns dels referents d\u2019avantguarda dels nostre pa\u00eds.<\/p>\n<p>L\u2019acte comptar\u00e0 amb la pres\u00e8ncia dels integrants del col\u00b7lectiu art\u00edstic Tint XXI de Banyoles, per retre homenatge a Josep Ponsat\u00ed, fundador del grup d\u2019avantguarda el Tint.<\/p>\n<p>19 h Introducci\u00f3 de Ricard Planas, cr\u00edtic d\u2019art, director de bonart i de la Fundaci\u00f3 Llu\u00eds Coromina<\/p>\n<p>19.15 h Presentaci\u00f3 del documental a c\u00e0rrec d\u2019Antoni Bramon, curador de l\u2019exposici\u00f3 \u201cC\u00e0racter Art\u00edstic\u201d<\/p>\n<p>19.40 h Di\u00e0leg de la cr\u00edtica d\u2019art Pilar Parcerisas i l\u2019artista Josep Ponsat\u00ed<\/p>\n","protected":false},"excerpt":{"rendered":"<p>Amb motiu de l\u2019exposici\u00f3 \u201cCar\u00e0cter Art\u00edstic\u201d i de la restauraci\u00f3 de la primera obra que l\u2019escultor catal\u00e0 nascut a Banyoles &#8230;<\/p>\n","protected":false},"author":2,"featured_media":3867,"comment_status":"open","ping_status":"open","sticky":false,"template":"","format":"standard","meta":{"footnotes":""},"categories":[10,17],"tags":[],"class_list":["post-3868","post","type-post","status-publish","format-standard","has-post-thumbnail","hentry","category-activitats","category-exposicions-espai-eat-art"],"_links":{"self":[{"href":"http:\/\/fundaciolluiscoromina.org\/index.php\/wp-json\/wp\/v2\/posts\/3868","targetHints":{"allow":["GET"]}}],"collection":[{"href":"http:\/\/fundaciolluiscoromina.org\/index.php\/wp-json\/wp\/v2\/posts"}],"about":[{"href":"http:\/\/fundaciolluiscoromina.org\/index.php\/wp-json\/wp\/v2\/types\/post"}],"author":[{"embeddable":true,"href":"http:\/\/fundaciolluiscoromina.org\/index.php\/wp-json\/wp\/v2\/users\/2"}],"replies":[{"embeddable":true,"href":"http:\/\/fundaciolluiscoromina.org\/index.php\/wp-json\/wp\/v2\/comments?post=3868"}],"version-history":[{"count":0,"href":"http:\/\/fundaciolluiscoromina.org\/index.php\/wp-json\/wp\/v2\/posts\/3868\/revisions"}],"wp:attachment":[{"href":"http:\/\/fundaciolluiscoromina.org\/index.php\/wp-json\/wp\/v2\/media?parent=3868"}],"wp:term":[{"taxonomy":"category","embeddable":true,"href":"http:\/\/fundaciolluiscoromina.org\/index.php\/wp-json\/wp\/v2\/categories?post=3868"},{"taxonomy":"post_tag","embeddable":true,"href":"http:\/\/fundaciolluiscoromina.org\/index.php\/wp-json\/wp\/v2\/tags?post=3868"}],"curies":[{"name":"wp","href":"https:\/\/api.w.org\/{rel}","templated":true}]}}