{"id":3870,"date":"2018-10-19T16:58:24","date_gmt":"2018-10-19T14:58:24","guid":{"rendered":"http:\/\/www.fundaciolluiscoromina.org\/?p=3870"},"modified":"2018-10-19T16:58:24","modified_gmt":"2018-10-19T14:58:24","slug":"per-sant-martiria-visita-lespai-eat-art","status":"publish","type":"post","link":"http:\/\/fundaciolluiscoromina.org\/index.php\/2018\/10\/19\/per-sant-martiria-visita-lespai-eat-art\/","title":{"rendered":"Per Sant Martiri\u00e0, visita l&#8217;Espai Eat Art"},"content":{"rendered":"<p>Amb motiu de les Festes de Sant Martiri\u00e0 de Banyoles, que tenen lloc fins al dilluns 22 d&#8217;octubre, la Fundaci\u00f3 Llu\u00eds Coromina &#8211; Espai Eat Art estar\u00e0 oberta. En concret, es podr\u00e0 visitar l&#8217;exposici\u00f3 <em>Car\u00e0cter art\u00edstic: 75\u00e8 aniversari de la Travessia de l&#8217;Estany<\/em>. Una exposici\u00f3 comissariada per Antoni Bramon que mostra el car\u00e0cter art\u00edstic d\u2019aquesta prova esportiva banyolina i que compta amb una pe\u00e7a escult\u00f2rica al\u00b7leg\u00f2rica de l\u2019escut del Club Nataci\u00f3 Banyoles -obra de Josep Ponsat\u00ed- i tot un seguit de quadres i grafismes que van ser i s\u00f3n la base dels cartells i altres elements visuals de la Travessia. Els horaris d&#8217;obertura especial s\u00f3n:<\/p>\n<p>Dissabte 20, diumenge 21 i dilluns 22 d&#8217;octubre, d&#8217;11 h a 14 h i de 16.30 h a 20.30 h.<\/p>\n","protected":false},"excerpt":{"rendered":"<p>Amb motiu de les Festes de Sant Martiri\u00e0 de Banyoles, que tenen lloc fins al dilluns 22 d&#8217;octubre, la Fundaci\u00f3 &#8230;<\/p>\n","protected":false},"author":2,"featured_media":3871,"comment_status":"open","ping_status":"open","sticky":false,"template":"","format":"standard","meta":{"footnotes":""},"categories":[17],"tags":[],"class_list":["post-3870","post","type-post","status-publish","format-standard","has-post-thumbnail","hentry","category-exposicions-espai-eat-art"],"_links":{"self":[{"href":"http:\/\/fundaciolluiscoromina.org\/index.php\/wp-json\/wp\/v2\/posts\/3870","targetHints":{"allow":["GET"]}}],"collection":[{"href":"http:\/\/fundaciolluiscoromina.org\/index.php\/wp-json\/wp\/v2\/posts"}],"about":[{"href":"http:\/\/fundaciolluiscoromina.org\/index.php\/wp-json\/wp\/v2\/types\/post"}],"author":[{"embeddable":true,"href":"http:\/\/fundaciolluiscoromina.org\/index.php\/wp-json\/wp\/v2\/users\/2"}],"replies":[{"embeddable":true,"href":"http:\/\/fundaciolluiscoromina.org\/index.php\/wp-json\/wp\/v2\/comments?post=3870"}],"version-history":[{"count":0,"href":"http:\/\/fundaciolluiscoromina.org\/index.php\/wp-json\/wp\/v2\/posts\/3870\/revisions"}],"wp:attachment":[{"href":"http:\/\/fundaciolluiscoromina.org\/index.php\/wp-json\/wp\/v2\/media?parent=3870"}],"wp:term":[{"taxonomy":"category","embeddable":true,"href":"http:\/\/fundaciolluiscoromina.org\/index.php\/wp-json\/wp\/v2\/categories?post=3870"},{"taxonomy":"post_tag","embeddable":true,"href":"http:\/\/fundaciolluiscoromina.org\/index.php\/wp-json\/wp\/v2\/tags?post=3870"}],"curies":[{"name":"wp","href":"https:\/\/api.w.org\/{rel}","templated":true}]}}