{"id":3875,"date":"2018-10-23T13:24:17","date_gmt":"2018-10-23T11:24:17","guid":{"rendered":"http:\/\/www.fundaciolluiscoromina.org\/?p=3875"},"modified":"2018-10-23T13:24:17","modified_gmt":"2018-10-23T11:24:17","slug":"el-rol-de-les-empreses-en-el-desenvolupament-cultural-de-les-societats-a-debat","status":"publish","type":"post","link":"http:\/\/fundaciolluiscoromina.org\/index.php\/2018\/10\/23\/el-rol-de-les-empreses-en-el-desenvolupament-cultural-de-les-societats-a-debat\/","title":{"rendered":"El rol de les empreses en el desenvolupament cultural de les societats, a debat"},"content":{"rendered":"<p>La Fundaci\u00f3 Catalunya Cultura, juntament amb la Fundaci\u00f3 Llu\u00eds Coromina, el F\u00f2rum Carlemany i amb el suport de Bonart cultural, ha organitzat una trobada amb empresaris de les comarques gironines per reflexionar sobre el paper del sector empresarial en el desenvolupament cultural de les societats. La trobada ha tingut lloc al Puntal \u2013 Laboratori de les Arts de la Fundaci\u00f3 Llu\u00eds Coromina de Banyoles i ha comptat amb la pres\u00e8ncia del Sr. Llu\u00eds Coromina (President de la Fundaci\u00f3 Llu\u00eds Coromina), del Sr. Enric Crous (President de la Fundaci\u00f3 Catalunya Cultura), del Sr. Francesc Bosch (President del F\u00f2rum Carlemany) i del Sr. Ricard Planas (President de Bonart Cultural) a banda d\u2019un seguit de veus rellevants del territori, tant del teixit empresarial com del sector cultural. El prop\u00f2sit ha estat el de crear un espai de trobada entre diferents agents de l\u2019ecosistema del mecenatge cultural, on poder compartir reflexions, visions, experi\u00e8ncies i estrat\u00e8gies per a vincular empresa i cultura, \u00e0mbit aquest \u00faltim que no podem entendre com a despesa sin\u00f3 com a inversi\u00f3, com recordava el Sr. Crous emulant l\u2019exemple de Fran\u00e7a on la cultura \u00e9s, a banda d\u2019una font de riquesa immaterial, un important motor econ\u00f2mic.<\/p>\n<p><strong>M\u00e9s sensibilitzaci\u00f3 social<\/strong><\/p>\n<p>Segons els assistents a la trobada, encara molta sensibilitzaci\u00f3 social, aix\u00ed com una reforma del marc legal del mecenatge que pugui fomentar la participaci\u00f3 de la societat civil i les empreses en la cultura. I \u00e9s que l\u2019impacte que tenen les empreses a la societat \u00e9s una inquietud present entre els empresaris de les comarques gironines, conscients de la seva responsabilitat com a agents socials. Si b\u00e9 la prov\u00edncia de Girona disposa d\u2019una riquesa i un dinamisme cultural hist\u00f2ric, la preocupaci\u00f3 per la sostenibilitat de la cultura en tant que pilar del nostre progr\u00e9s social \u00e9s un sentiment compartit.<\/p>\n<p><strong>Vincles amb el territori<\/strong><\/p>\n<p>L\u2019alian\u00e7a de l\u2019empresa amb la cultura, a banda de desencadenar una s\u00e8rie d\u2019impactes positius tant per al sector cultural com per la societat en general, ho fa tamb\u00e9 per a l\u2019empresa, doncs ajuda a enfortir el seu vincle amb el territori, amb les seves comunitats, la fa m\u00e9s responsable, i pot incidir en la seva innovaci\u00f3 i creativitat.<\/p>\n","protected":false},"excerpt":{"rendered":"<p>La Fundaci\u00f3 Catalunya Cultura, juntament amb la Fundaci\u00f3 Llu\u00eds Coromina, el F\u00f2rum Carlemany i amb el suport de Bonart cultural, &#8230;<\/p>\n","protected":false},"author":2,"featured_media":3876,"comment_status":"open","ping_status":"open","sticky":false,"template":"","format":"standard","meta":{"footnotes":""},"categories":[14,10,9],"tags":[],"class_list":["post-3875","post","type-post","status-publish","format-standard","has-post-thumbnail","hentry","category-accions-culturals","category-activitats","category-historic"],"_links":{"self":[{"href":"http:\/\/fundaciolluiscoromina.org\/index.php\/wp-json\/wp\/v2\/posts\/3875","targetHints":{"allow":["GET"]}}],"collection":[{"href":"http:\/\/fundaciolluiscoromina.org\/index.php\/wp-json\/wp\/v2\/posts"}],"about":[{"href":"http:\/\/fundaciolluiscoromina.org\/index.php\/wp-json\/wp\/v2\/types\/post"}],"author":[{"embeddable":true,"href":"http:\/\/fundaciolluiscoromina.org\/index.php\/wp-json\/wp\/v2\/users\/2"}],"replies":[{"embeddable":true,"href":"http:\/\/fundaciolluiscoromina.org\/index.php\/wp-json\/wp\/v2\/comments?post=3875"}],"version-history":[{"count":0,"href":"http:\/\/fundaciolluiscoromina.org\/index.php\/wp-json\/wp\/v2\/posts\/3875\/revisions"}],"wp:attachment":[{"href":"http:\/\/fundaciolluiscoromina.org\/index.php\/wp-json\/wp\/v2\/media?parent=3875"}],"wp:term":[{"taxonomy":"category","embeddable":true,"href":"http:\/\/fundaciolluiscoromina.org\/index.php\/wp-json\/wp\/v2\/categories?post=3875"},{"taxonomy":"post_tag","embeddable":true,"href":"http:\/\/fundaciolluiscoromina.org\/index.php\/wp-json\/wp\/v2\/tags?post=3875"}],"curies":[{"name":"wp","href":"https:\/\/api.w.org\/{rel}","templated":true}]}}