{"id":3889,"date":"2018-10-29T13:37:36","date_gmt":"2018-10-29T12:37:36","guid":{"rendered":"http:\/\/www.fundaciolluiscoromina.org\/?p=3889"},"modified":"2018-10-29T13:37:36","modified_gmt":"2018-10-29T12:37:36","slug":"nova-imatge-de-la-fundacio-lluis-coromina","status":"publish","type":"post","link":"http:\/\/fundaciolluiscoromina.org\/index.php\/2018\/10\/29\/nova-imatge-de-la-fundacio-lluis-coromina\/","title":{"rendered":"Nova imatge de la Fundaci\u00f3 Llu\u00eds Coromina"},"content":{"rendered":"<p>Aquest mes d&#8217;octubre, la Fundaci\u00f3 Llu\u00eds Coromina renova la imatge corporativa. Entre els canvis que s&#8217;hi poden apreciar, destaca el logotip de la Fundaci\u00f3, en una nova versi\u00f3 que en mant\u00e9 la identitat i la gamma crom\u00e0tica per\u00f2 quen&#8217; actualitza i modernitza la seva aparen\u00e7a.<\/p>\n","protected":false},"excerpt":{"rendered":"<p>Aquest mes d&#8217;octubre, la Fundaci\u00f3 Llu\u00eds Coromina renova la imatge corporativa. Entre els canvis que s&#8217;hi poden apreciar, destaca el &#8230;<\/p>\n","protected":false},"author":2,"featured_media":3894,"comment_status":"open","ping_status":"open","sticky":false,"template":"","format":"standard","meta":{"footnotes":""},"categories":[10],"tags":[],"class_list":["post-3889","post","type-post","status-publish","format-standard","has-post-thumbnail","hentry","category-activitats"],"_links":{"self":[{"href":"http:\/\/fundaciolluiscoromina.org\/index.php\/wp-json\/wp\/v2\/posts\/3889","targetHints":{"allow":["GET"]}}],"collection":[{"href":"http:\/\/fundaciolluiscoromina.org\/index.php\/wp-json\/wp\/v2\/posts"}],"about":[{"href":"http:\/\/fundaciolluiscoromina.org\/index.php\/wp-json\/wp\/v2\/types\/post"}],"author":[{"embeddable":true,"href":"http:\/\/fundaciolluiscoromina.org\/index.php\/wp-json\/wp\/v2\/users\/2"}],"replies":[{"embeddable":true,"href":"http:\/\/fundaciolluiscoromina.org\/index.php\/wp-json\/wp\/v2\/comments?post=3889"}],"version-history":[{"count":0,"href":"http:\/\/fundaciolluiscoromina.org\/index.php\/wp-json\/wp\/v2\/posts\/3889\/revisions"}],"wp:attachment":[{"href":"http:\/\/fundaciolluiscoromina.org\/index.php\/wp-json\/wp\/v2\/media?parent=3889"}],"wp:term":[{"taxonomy":"category","embeddable":true,"href":"http:\/\/fundaciolluiscoromina.org\/index.php\/wp-json\/wp\/v2\/categories?post=3889"},{"taxonomy":"post_tag","embeddable":true,"href":"http:\/\/fundaciolluiscoromina.org\/index.php\/wp-json\/wp\/v2\/tags?post=3889"}],"curies":[{"name":"wp","href":"https:\/\/api.w.org\/{rel}","templated":true}]}}