{"id":390,"date":"2011-05-30T20:16:52","date_gmt":"2011-05-30T20:16:52","guid":{"rendered":"http:\/\/espaieatart.wordpress.com\/?p=390"},"modified":"2011-05-30T20:16:52","modified_gmt":"2011-05-30T20:16:52","slug":"silvia-munoz-dimbert-de-visita-a-lespai-eat-art-i-lluis-vila-showroom-de-banyoles","status":"publish","type":"post","link":"http:\/\/fundaciolluiscoromina.org\/index.php\/2011\/05\/30\/silvia-munoz-dimbert-de-visita-a-lespai-eat-art-i-lluis-vila-showroom-de-banyoles\/","title":{"rendered":"La cr\u00edtica d&#8217;art barcelonina S\u00edlvia Mu\u00f1oz d&#8217;Imbert treballa en un text cr\u00edtic sobre els \u00faltims treballs in\u00e8dits de Llu\u00eds Vil\u00e0"},"content":{"rendered":"<p style=\"text-align:justify;\">S\u00edlvia Mu\u00f1oz D&#8217;Imbert, historiadora i cr\u00edtica d&#8217;art, va visitar l&#8217;Espai Eat Art Llu\u00eds Vil\u00e0 de Banyoles <em><\/em>i tot seguit va poder veure el nou espai Llu\u00eds Vil\u00e0 Showroom al Puntal D&#8217;Arts de la mateixa ciutat. Imbert ha fet de curadora d&#8217;exposicions tan destacades com Evru a la Fundaci\u00f3 Sunyol de Barcelona o \u00abCapses Secretes\u00bb per la Diputaci\u00f3 de Barcelona i l&#8217;Associaci\u00f3 Joan Pon\u00e7. Maig 2011. El motiu de la visita va ser la preparaci\u00f3 d&#8217;un escrit sobre els darrers que va dur a terme l&#8217;artista Llu\u00eds Vil\u00e0 i que s&#8217;exposaran a la galeria Horizon de Colera aquest estiu.<\/p>\n<p style=\"text-align:left;\"><a href=\"http:\/\/espaieatart.files.wordpress.com\/2011\/05\/sm172.jpg\"><img loading=\"lazy\" decoding=\"async\" class=\"size-medium wp-image-392\" title=\"Silvia Mu\u00f1oz D'Imbert Showroom\" src=\"http:\/\/espaieatart.files.wordpress.com\/2011\/05\/sm172.jpg?w=300\" alt=\"\" width=\"275\" height=\"205\" \/><\/a><a href=\"http:\/\/espaieatart.files.wordpress.com\/2011\/05\/sm372.jpg\"><img loading=\"lazy\" decoding=\"async\" class=\"size-medium wp-image-391\" title=\"S\u00edlvia Mu\u00f1oz D'Imbert EEA\" src=\"http:\/\/espaieatart.files.wordpress.com\/2011\/05\/sm372.jpg?w=300\" alt=\"\" width=\"277\" height=\"207\" \/><\/a><em><\/em><\/p>\n<p style=\"text-align:left;\"><em>A l&#8217;esquerra, S\u00edlvia Mu\u00f1oz d&#8217;Imbert al Llu\u00eds Vil\u00e0 Showroom. A la dreta,\u00a0 Ricard Planas (director dels centres Vil\u00e0) amb la cr\u00edtica d&#8217;art, a l&#8217;Espai Eat Art. P<\/em><em>hotos:A. Bah\u00ed<\/em><\/p>\n","protected":false},"excerpt":{"rendered":"<p>S\u00edlvia Mu\u00f1oz D&#8217;Imbert, historiadora i cr\u00edtica d&#8217;art, va visitar l&#8217;Espai Eat Art Llu\u00eds Vil\u00e0 de Banyoles i tot seguit va &#8230;<\/p>\n","protected":false},"author":1,"featured_media":392,"comment_status":"open","ping_status":"open","sticky":false,"template":"","format":"standard","meta":{"footnotes":""},"categories":[9],"tags":[],"class_list":["post-390","post","type-post","status-publish","format-standard","has-post-thumbnail","hentry","category-historic"],"_links":{"self":[{"href":"http:\/\/fundaciolluiscoromina.org\/index.php\/wp-json\/wp\/v2\/posts\/390","targetHints":{"allow":["GET"]}}],"collection":[{"href":"http:\/\/fundaciolluiscoromina.org\/index.php\/wp-json\/wp\/v2\/posts"}],"about":[{"href":"http:\/\/fundaciolluiscoromina.org\/index.php\/wp-json\/wp\/v2\/types\/post"}],"author":[{"embeddable":true,"href":"http:\/\/fundaciolluiscoromina.org\/index.php\/wp-json\/wp\/v2\/users\/1"}],"replies":[{"embeddable":true,"href":"http:\/\/fundaciolluiscoromina.org\/index.php\/wp-json\/wp\/v2\/comments?post=390"}],"version-history":[{"count":0,"href":"http:\/\/fundaciolluiscoromina.org\/index.php\/wp-json\/wp\/v2\/posts\/390\/revisions"}],"wp:attachment":[{"href":"http:\/\/fundaciolluiscoromina.org\/index.php\/wp-json\/wp\/v2\/media?parent=390"}],"wp:term":[{"taxonomy":"category","embeddable":true,"href":"http:\/\/fundaciolluiscoromina.org\/index.php\/wp-json\/wp\/v2\/categories?post=390"},{"taxonomy":"post_tag","embeddable":true,"href":"http:\/\/fundaciolluiscoromina.org\/index.php\/wp-json\/wp\/v2\/tags?post=390"}],"curies":[{"name":"wp","href":"https:\/\/api.w.org\/{rel}","templated":true}]}}