{"id":3901,"date":"2018-11-02T12:42:22","date_gmt":"2018-11-02T11:42:22","guid":{"rendered":"http:\/\/www.fundaciolluiscoromina.org\/?p=3901"},"modified":"2018-11-02T12:42:22","modified_gmt":"2018-11-02T11:42:22","slug":"ultraenergia-la-joguina-electrica-com-a-realitat-anticipada-nova-exposicio-a-lespai-eat-art","status":"publish","type":"post","link":"http:\/\/fundaciolluiscoromina.org\/index.php\/2018\/11\/02\/ultraenergia-la-joguina-electrica-com-a-realitat-anticipada-nova-exposicio-a-lespai-eat-art\/","title":{"rendered":"&#8216;ULTRAENERGIA: la joguina el\u00e8ctrica com a realitat anticipada&#8217;, nova exposici\u00f3 a l&#8217;Espai Eat Art"},"content":{"rendered":"<p>A partir del pr\u00f2xim dissabte 17 de novembre, l&#8217;Espai Eat Art acollir\u00e0 l&#8217;exposici\u00f3 <em>ULTRAENERGIA: la joguina el\u00e8ctrica com a realitat anticipada<\/em>. Amb una mirada de passat, present i futur, conjuntament amb el reinventat espai Garage Banyoles Slot, es plantejaran els repectes de l&#8217;energia del futur a trav\u00e9s de joguines el\u00e8ctriques. La mostra, que es podr\u00e0 veure fins al dissabte 2 de febrer de 2019, s&#8217;inaugurar\u00e0 el dissabte 17 de novembre a les 18 h. Un acte que comptar\u00e0 amb la pres\u00e8ncia del director de Ferrocarrils de la Generalitat, Ricard Font; el president de la Diputaci\u00f3 de Girona i alcalde de Banyoles, Miquel Noguer, el president de la Fundaci\u00f3 Llu\u00eds Coromina i del Grup Agrienergia; el president de l&#8217;Associaci\u00f3 Banyoles Slot, Esteve Brugu\u00e9, i el curador de l&#8217;exposici\u00f3 i director de Bonart Cultural, Ricard Planas.<\/p>\n<p>&nbsp;<\/p>\n","protected":false},"excerpt":{"rendered":"<p>A partir del pr\u00f2xim dissabte 17 de novembre, l&#8217;Espai Eat Art acollir\u00e0 l&#8217;exposici\u00f3 ULTRAENERGIA: la joguina el\u00e8ctrica com a realitat &#8230;<\/p>\n","protected":false},"author":2,"featured_media":3905,"comment_status":"open","ping_status":"open","sticky":false,"template":"","format":"standard","meta":{"footnotes":""},"categories":[227,17],"tags":[],"class_list":["post-3901","post","type-post","status-publish","format-standard","has-post-thumbnail","hentry","category-exposicions-garage","category-exposicions-espai-eat-art"],"_links":{"self":[{"href":"http:\/\/fundaciolluiscoromina.org\/index.php\/wp-json\/wp\/v2\/posts\/3901","targetHints":{"allow":["GET"]}}],"collection":[{"href":"http:\/\/fundaciolluiscoromina.org\/index.php\/wp-json\/wp\/v2\/posts"}],"about":[{"href":"http:\/\/fundaciolluiscoromina.org\/index.php\/wp-json\/wp\/v2\/types\/post"}],"author":[{"embeddable":true,"href":"http:\/\/fundaciolluiscoromina.org\/index.php\/wp-json\/wp\/v2\/users\/2"}],"replies":[{"embeddable":true,"href":"http:\/\/fundaciolluiscoromina.org\/index.php\/wp-json\/wp\/v2\/comments?post=3901"}],"version-history":[{"count":0,"href":"http:\/\/fundaciolluiscoromina.org\/index.php\/wp-json\/wp\/v2\/posts\/3901\/revisions"}],"wp:attachment":[{"href":"http:\/\/fundaciolluiscoromina.org\/index.php\/wp-json\/wp\/v2\/media?parent=3901"}],"wp:term":[{"taxonomy":"category","embeddable":true,"href":"http:\/\/fundaciolluiscoromina.org\/index.php\/wp-json\/wp\/v2\/categories?post=3901"},{"taxonomy":"post_tag","embeddable":true,"href":"http:\/\/fundaciolluiscoromina.org\/index.php\/wp-json\/wp\/v2\/tags?post=3901"}],"curies":[{"name":"wp","href":"https:\/\/api.w.org\/{rel}","templated":true}]}}