{"id":3917,"date":"2018-11-19T11:09:10","date_gmt":"2018-11-19T10:09:10","guid":{"rendered":"http:\/\/www.fundaciolluiscoromina.org\/?p=3917"},"modified":"2018-11-19T11:09:10","modified_gmt":"2018-11-19T10:09:10","slug":"els-reptes-de-lenergia-del-futur","status":"publish","type":"post","link":"http:\/\/fundaciolluiscoromina.org\/index.php\/2018\/11\/19\/els-reptes-de-lenergia-del-futur\/","title":{"rendered":"Els reptes de l&#8217;energia del futur"},"content":{"rendered":"<p>Amb una mirada de passat, present i futur, l&#8217;exposici\u00f3 <em>Ultraenergia: la joguina el\u00e8ctrica com a realitat anticipada<\/em> planteja els repectes de l&#8217;energia del futur a trav\u00e9s de joguines el\u00e8ctriques. La mostra es va inaugurar el dissabte 17 de novembre a l&#8217;Espai Eat Art amb la pres\u00e8ncia\u00a0del director de Ferrocarrils de la Generalitat, Ricard Font; l&#8217;alcalde accidental de Banyoles, Jordi Congost; el president de la Fundaci\u00f3 Llu\u00eds Coromina i del Grup Agrienergia, Llu\u00eds Coromina; el president de l\u2019Associaci\u00f3 Banyoles Slot, Esteve Brugu\u00e9, i el curador de l\u2019exposici\u00f3 i director de Bonart Cultural, Ricard Planas. L&#8217;exposici\u00f3 es podr\u00e0 veure fins al dissabte 2 de febrer de 2019.<\/p>\n<p>&nbsp;<\/p>\n","protected":false},"excerpt":{"rendered":"<p>Amb una mirada de passat, present i futur, l&#8217;exposici\u00f3 Ultraenergia: la joguina el\u00e8ctrica com a realitat anticipada planteja els repectes &#8230;<\/p>\n","protected":false},"author":2,"featured_media":3918,"comment_status":"open","ping_status":"open","sticky":false,"template":"","format":"standard","meta":{"footnotes":""},"categories":[17],"tags":[],"class_list":["post-3917","post","type-post","status-publish","format-standard","has-post-thumbnail","hentry","category-exposicions-espai-eat-art"],"_links":{"self":[{"href":"http:\/\/fundaciolluiscoromina.org\/index.php\/wp-json\/wp\/v2\/posts\/3917","targetHints":{"allow":["GET"]}}],"collection":[{"href":"http:\/\/fundaciolluiscoromina.org\/index.php\/wp-json\/wp\/v2\/posts"}],"about":[{"href":"http:\/\/fundaciolluiscoromina.org\/index.php\/wp-json\/wp\/v2\/types\/post"}],"author":[{"embeddable":true,"href":"http:\/\/fundaciolluiscoromina.org\/index.php\/wp-json\/wp\/v2\/users\/2"}],"replies":[{"embeddable":true,"href":"http:\/\/fundaciolluiscoromina.org\/index.php\/wp-json\/wp\/v2\/comments?post=3917"}],"version-history":[{"count":0,"href":"http:\/\/fundaciolluiscoromina.org\/index.php\/wp-json\/wp\/v2\/posts\/3917\/revisions"}],"wp:attachment":[{"href":"http:\/\/fundaciolluiscoromina.org\/index.php\/wp-json\/wp\/v2\/media?parent=3917"}],"wp:term":[{"taxonomy":"category","embeddable":true,"href":"http:\/\/fundaciolluiscoromina.org\/index.php\/wp-json\/wp\/v2\/categories?post=3917"},{"taxonomy":"post_tag","embeddable":true,"href":"http:\/\/fundaciolluiscoromina.org\/index.php\/wp-json\/wp\/v2\/tags?post=3917"}],"curies":[{"name":"wp","href":"https:\/\/api.w.org\/{rel}","templated":true}]}}