{"id":3920,"date":"2018-11-20T14:31:59","date_gmt":"2018-11-20T13:31:59","guid":{"rendered":"http:\/\/www.fundaciolluiscoromina.org\/?p=3920"},"modified":"2018-11-20T14:31:59","modified_gmt":"2018-11-20T13:31:59","slug":"el-vent-es-aixo-de-pere-vila-seleccionada-al-tallinn-black-nights-film-festival","status":"publish","type":"post","link":"http:\/\/fundaciolluiscoromina.org\/index.php\/2018\/11\/20\/el-vent-es-aixo-de-pere-vila-seleccionada-al-tallinn-black-nights-film-festival\/","title":{"rendered":"&#8216;El vent \u00e9s aix\u00f2&#8217;, de Pere Vil\u00e0, seleccionada al Tallinn Black Nights Film Festival"},"content":{"rendered":"<p><em>El vent \u00e9s aix\u00f2<\/em>, de Pere Vil\u00e0, un film patrocinat per la Fundaci\u00f3 Llu\u00eds Coromina, ha estat seleccionat al Tallinn Black Nights Film Festival, un dels festivals de cinema m\u00e9s importants del nord d&#8217;Europa. Realitzat amb l\u2019IES Sobrequ\u00e9s de Girona, el llargmetratge gira al voltant dels transtorns alimentaris, i ha comptat amb la col\u00b7laboraci\u00f3 de diversos professionals de diferents sectors.\u00a0 La pel\u00b7l\u00edcula vol parlar de la part m\u00e9s amagada de les persones que pateixen transtorns i, per tant, esdev\u00e9 una eina d\u2019enorme valor per ser vista per altres persones que viuen situacions semblants.<\/p>\n","protected":false},"excerpt":{"rendered":"<p>El vent \u00e9s aix\u00f2, de Pere Vil\u00e0, un film patrocinat per la Fundaci\u00f3 Llu\u00eds Coromina, ha estat seleccionat al Tallinn &#8230;<\/p>\n","protected":false},"author":2,"featured_media":3813,"comment_status":"open","ping_status":"open","sticky":false,"template":"","format":"standard","meta":{"footnotes":""},"categories":[14],"tags":[],"class_list":["post-3920","post","type-post","status-publish","format-standard","has-post-thumbnail","hentry","category-accions-culturals"],"_links":{"self":[{"href":"http:\/\/fundaciolluiscoromina.org\/index.php\/wp-json\/wp\/v2\/posts\/3920","targetHints":{"allow":["GET"]}}],"collection":[{"href":"http:\/\/fundaciolluiscoromina.org\/index.php\/wp-json\/wp\/v2\/posts"}],"about":[{"href":"http:\/\/fundaciolluiscoromina.org\/index.php\/wp-json\/wp\/v2\/types\/post"}],"author":[{"embeddable":true,"href":"http:\/\/fundaciolluiscoromina.org\/index.php\/wp-json\/wp\/v2\/users\/2"}],"replies":[{"embeddable":true,"href":"http:\/\/fundaciolluiscoromina.org\/index.php\/wp-json\/wp\/v2\/comments?post=3920"}],"version-history":[{"count":0,"href":"http:\/\/fundaciolluiscoromina.org\/index.php\/wp-json\/wp\/v2\/posts\/3920\/revisions"}],"wp:attachment":[{"href":"http:\/\/fundaciolluiscoromina.org\/index.php\/wp-json\/wp\/v2\/media?parent=3920"}],"wp:term":[{"taxonomy":"category","embeddable":true,"href":"http:\/\/fundaciolluiscoromina.org\/index.php\/wp-json\/wp\/v2\/categories?post=3920"},{"taxonomy":"post_tag","embeddable":true,"href":"http:\/\/fundaciolluiscoromina.org\/index.php\/wp-json\/wp\/v2\/tags?post=3920"}],"curies":[{"name":"wp","href":"https:\/\/api.w.org\/{rel}","templated":true}]}}