{"id":3926,"date":"2018-11-23T14:23:32","date_gmt":"2018-11-23T13:23:32","guid":{"rendered":"http:\/\/www.fundaciolluiscoromina.org\/?p=3926"},"modified":"2018-11-23T14:23:32","modified_gmt":"2018-11-23T13:23:32","slug":"la-ruta-migratoria-de-javier-balmaseda-al-terracotta-museu","status":"publish","type":"post","link":"http:\/\/fundaciolluiscoromina.org\/index.php\/2018\/11\/23\/la-ruta-migratoria-de-javier-balmaseda-al-terracotta-museu\/","title":{"rendered":"&#8216;La ruta migrat\u00f2ria&#8217; de Javier Balmaseda, al Terracotta Museu"},"content":{"rendered":"<div class=\"entry\">El Terracotta Museu de la Bisbal d&#8217;Empord\u00e0 presenta l&#8217;exposici\u00f3 <em>La ruta migrat\u00f2ria. Una singularitat paisatg\u00edstica<\/em>, de l\u2019artista d\u2019origen Cub\u00e0 amb resid\u00e8ncia a Andorra Javier Balmaseda. Es tracta d\u2019una instal\u00b7laci\u00f3 art\u00edstica d\u2019una gran espectacularitat que reprodueix un fragment de carretera a escala 1:1, i amb unes dimensions totals de 10 metres de llargada per 4 metres d\u2019amplada. La singularitat recau en el fet que l\u2019asfalt est\u00e0 format per milers de crancs negres de cer\u00e0mica amuntegats els uns sobre els altres. Una obra de cr\u00edtica social amb una mirada als actuals \u00e8xodes migratoris que compta amb la col\u00b7laboraci\u00f3 de la Fundaci\u00f3 Llu\u00eds Coromina. La instal\u00b7laci\u00f3 s&#8217;inaugurar\u00e0 aquest dissabte 24 de novembre a les 19 h i es podr\u00e0 veure fins al 3 de febrer de 2019.\n<\/div>\n","protected":false},"excerpt":{"rendered":"<p>El Terracotta Museu de la Bisbal d&#8217;Empord\u00e0 presenta l&#8217;exposici\u00f3 La ruta migrat\u00f2ria. Una singularitat paisatg\u00edstica, de l\u2019artista d\u2019origen Cub\u00e0 amb &#8230;<\/p>\n","protected":false},"author":2,"featured_media":3927,"comment_status":"open","ping_status":"open","sticky":false,"template":"","format":"standard","meta":{"footnotes":""},"categories":[10,228,9],"tags":[],"class_list":["post-3926","post","type-post","status-publish","format-standard","has-post-thumbnail","hentry","category-activitats","category-exposicions-espai-isern-dalmau","category-historic"],"_links":{"self":[{"href":"http:\/\/fundaciolluiscoromina.org\/index.php\/wp-json\/wp\/v2\/posts\/3926","targetHints":{"allow":["GET"]}}],"collection":[{"href":"http:\/\/fundaciolluiscoromina.org\/index.php\/wp-json\/wp\/v2\/posts"}],"about":[{"href":"http:\/\/fundaciolluiscoromina.org\/index.php\/wp-json\/wp\/v2\/types\/post"}],"author":[{"embeddable":true,"href":"http:\/\/fundaciolluiscoromina.org\/index.php\/wp-json\/wp\/v2\/users\/2"}],"replies":[{"embeddable":true,"href":"http:\/\/fundaciolluiscoromina.org\/index.php\/wp-json\/wp\/v2\/comments?post=3926"}],"version-history":[{"count":0,"href":"http:\/\/fundaciolluiscoromina.org\/index.php\/wp-json\/wp\/v2\/posts\/3926\/revisions"}],"wp:attachment":[{"href":"http:\/\/fundaciolluiscoromina.org\/index.php\/wp-json\/wp\/v2\/media?parent=3926"}],"wp:term":[{"taxonomy":"category","embeddable":true,"href":"http:\/\/fundaciolluiscoromina.org\/index.php\/wp-json\/wp\/v2\/categories?post=3926"},{"taxonomy":"post_tag","embeddable":true,"href":"http:\/\/fundaciolluiscoromina.org\/index.php\/wp-json\/wp\/v2\/tags?post=3926"}],"curies":[{"name":"wp","href":"https:\/\/api.w.org\/{rel}","templated":true}]}}