{"id":3930,"date":"2018-12-05T13:59:09","date_gmt":"2018-12-05T12:59:09","guid":{"rendered":"http:\/\/www.fundaciolluiscoromina.org\/?p=3930"},"modified":"2018-12-05T13:59:09","modified_gmt":"2018-12-05T12:59:09","slug":"una-visio-evolutiva-de-lenergia-amb-pere-monras-a-lespai-eat-art","status":"publish","type":"post","link":"http:\/\/fundaciolluiscoromina.org\/index.php\/2018\/12\/05\/una-visio-evolutiva-de-lenergia-amb-pere-monras-a-lespai-eat-art\/","title":{"rendered":"Una visi\u00f3 evolutiva de l&#8217;energia, amb Pere Monr\u00e0s, a l&#8217;Espai Eat Art"},"content":{"rendered":"<p>La Fundaci\u00f3 Llu\u00eds Coromina ha organitzat per al proper dissabte 15 de desembre a l\u2019Espai Eat Art, la confer\u00e8ncia <em><strong>Una visi\u00f3 evolutiva de l\u2019energia<\/strong><\/em> a c\u00e0rrec de Pere Monr\u00e0s (Biomimetics Sciences Institute). El marc de la confer\u00e8ncia ser\u00e0: \u00abDe l&#8217;energia natural de l&#8217;animisme a la fe cega que il\u00b7lumina. De la ra\u00f3 que ent\u00e9n a la consci\u00e8ncia que compr\u00e8n. I ara, cap a on?\u00bb.<\/p>\n<p><strong>Pere Monr\u00e0s <\/strong>\u00e9s metge onc\u00f2leg, llicenciat en Medicina per la Universitat de Barcelona i format en el Memorial Sloan Cancer Center de Nova York. Ha estat director general de la Corporaci\u00f3 Sanit\u00e0ria del Parc Taul\u00ed durant 17 anys i president de la Uni\u00f3 Catalana d&#8217;Hospitals. Despr\u00e9s d&#8217;una llarga etapa dedicada a la salut de les persones i, m\u00e9s tard, a la de les organitzacions, en els darrers anys ha dedicat els seus esfor\u00e7os a desenvolupar projectes disruptius amb alt impacte social. Entre altres iniciatives ha estat fundador del Cercle pel Coneixement, aix\u00ed com de Sangaku (serveis educatius) i h\u00e8lix3c (concept factory). Actualment \u00e9s president del Biomimetics Sciences Institute, Fundaci\u00f3 dedicada a la difusi\u00f3 i promoci\u00f3 de la Biomim\u00e8tica.<\/p>\n<p>Aquest acte s\u2019enmarca dins l\u2019exposici\u00f3 <strong>\u201cUltraenergia, la joguina el\u00e8ctrica com a realitat anticipada\u201d <\/strong>on el valor de la energia va m\u00e9s enll\u00e0 de l\u2019energia entesa com un \u00e0mbit restrictiu de la ci\u00e8ncia que es desvincula de la filosofia, de les arts i les ci\u00e8ncies socials. L\u2019energia humana -o transhumana- \u00e9s l\u2019\u00fanica amb capacitat per transformar la realitat que ens envolta i revertir el mal que fem a la terra.<\/p>\n","protected":false},"excerpt":{"rendered":"<p>La Fundaci\u00f3 Llu\u00eds Coromina ha organitzat per al proper dissabte 15 de desembre a l\u2019Espai Eat Art, la confer\u00e8ncia Una &#8230;<\/p>\n","protected":false},"author":2,"featured_media":3931,"comment_status":"open","ping_status":"open","sticky":false,"template":"","format":"standard","meta":{"footnotes":""},"categories":[10],"tags":[],"class_list":["post-3930","post","type-post","status-publish","format-standard","has-post-thumbnail","hentry","category-activitats"],"_links":{"self":[{"href":"http:\/\/fundaciolluiscoromina.org\/index.php\/wp-json\/wp\/v2\/posts\/3930","targetHints":{"allow":["GET"]}}],"collection":[{"href":"http:\/\/fundaciolluiscoromina.org\/index.php\/wp-json\/wp\/v2\/posts"}],"about":[{"href":"http:\/\/fundaciolluiscoromina.org\/index.php\/wp-json\/wp\/v2\/types\/post"}],"author":[{"embeddable":true,"href":"http:\/\/fundaciolluiscoromina.org\/index.php\/wp-json\/wp\/v2\/users\/2"}],"replies":[{"embeddable":true,"href":"http:\/\/fundaciolluiscoromina.org\/index.php\/wp-json\/wp\/v2\/comments?post=3930"}],"version-history":[{"count":0,"href":"http:\/\/fundaciolluiscoromina.org\/index.php\/wp-json\/wp\/v2\/posts\/3930\/revisions"}],"wp:attachment":[{"href":"http:\/\/fundaciolluiscoromina.org\/index.php\/wp-json\/wp\/v2\/media?parent=3930"}],"wp:term":[{"taxonomy":"category","embeddable":true,"href":"http:\/\/fundaciolluiscoromina.org\/index.php\/wp-json\/wp\/v2\/categories?post=3930"},{"taxonomy":"post_tag","embeddable":true,"href":"http:\/\/fundaciolluiscoromina.org\/index.php\/wp-json\/wp\/v2\/tags?post=3930"}],"curies":[{"name":"wp","href":"https:\/\/api.w.org\/{rel}","templated":true}]}}