{"id":3937,"date":"2019-01-03T11:19:44","date_gmt":"2019-01-03T10:19:44","guid":{"rendered":"http:\/\/www.fundaciolluiscoromina.org\/?p=3937"},"modified":"2019-01-03T11:19:44","modified_gmt":"2019-01-03T10:19:44","slug":"inici-i-final-de-gira-de-solot-de-ramon-prats-a-lespai-eat-art","status":"publish","type":"post","link":"http:\/\/fundaciolluiscoromina.org\/index.php\/2019\/01\/03\/inici-i-final-de-gira-de-solot-de-ramon-prats-a-lespai-eat-art\/","title":{"rendered":"Inici i final de gira de SOLOT de Ramon Prats a l&#8217;Espai Eat Art"},"content":{"rendered":"<p>Els pr\u00f2xims dijous 10 de gener i divendres 1 de febrer, la Fundaci\u00f3 Llu\u00eds Coromina &#8211; Espai Eat Art acollir\u00e0 els concerts d&#8217;inici i final de gira del projecte SOLOT, del reconegut bateria banyol\u00ed Ramon Prats. Es tracta d&#8217;un concert de bateria sola en qu\u00e8 el moment o la sonoritat de la sala s\u00f3n tan importants per la m\u00fasica com qualsevol altre factor. La mem\u00f2ria actua d&#8217;eix vertebredor, ja sigui la del propi m\u00fasic o la de l&#8217;oient. L&#8217;atenci\u00f3, el record, la percepci\u00f3 o la vibraci\u00f3 de l&#8217;aire s\u00f3n elements de qualsevol fet musical, i en el SOLOT, aquests elements no tenen una jerarquia pre establerta.<\/p>\n<p>\u00abQu\u00e8 s&#8217;ha d&#8217;entendre? Qu\u00e8 s&#8217;ha d&#8217;escoltar? Qu\u00e8 s&#8217;ha de saber? S\u00f3n preguntes que sovint se&#8217;ns presenten, per\u00f2 potser el m\u00e9s temible \u00e9s pensar que cap d&#8217;elles t\u00e9 resposta. La resposta som nosaltres, grabem a la nostra mem\u00f2ria l&#8217;experi\u00e8ncia del moment viscut, com una llavor en un terreny f\u00e8rtil, que al llarg del temps va creixent, es va transformant entre el record i l&#8217;oblit.\u00bb, explica Ramon Prats sobre el projecte.<\/p>\n<p>La gira, que comen\u00e7ar\u00e0 i acabar\u00e0 a l&#8217;Espai Eat Art (21 h, 5 \u20ac), passar\u00e0 tamb\u00e9 per ciutats com Barcelona, Pamplona, Bilbao, Gij\u00f3n, Madrid, Lisboa, Alacant, entre d&#8217;altres.<\/p>\n","protected":false},"excerpt":{"rendered":"<p>Els pr\u00f2xims dijous 10 de gener i divendres 1 de febrer, la Fundaci\u00f3 Llu\u00eds Coromina &#8211; Espai Eat Art acollir\u00e0 &#8230;<\/p>\n","protected":false},"author":2,"featured_media":3940,"comment_status":"open","ping_status":"open","sticky":false,"template":"","format":"standard","meta":{"footnotes":""},"categories":[10],"tags":[],"class_list":["post-3937","post","type-post","status-publish","format-standard","has-post-thumbnail","hentry","category-activitats"],"_links":{"self":[{"href":"http:\/\/fundaciolluiscoromina.org\/index.php\/wp-json\/wp\/v2\/posts\/3937","targetHints":{"allow":["GET"]}}],"collection":[{"href":"http:\/\/fundaciolluiscoromina.org\/index.php\/wp-json\/wp\/v2\/posts"}],"about":[{"href":"http:\/\/fundaciolluiscoromina.org\/index.php\/wp-json\/wp\/v2\/types\/post"}],"author":[{"embeddable":true,"href":"http:\/\/fundaciolluiscoromina.org\/index.php\/wp-json\/wp\/v2\/users\/2"}],"replies":[{"embeddable":true,"href":"http:\/\/fundaciolluiscoromina.org\/index.php\/wp-json\/wp\/v2\/comments?post=3937"}],"version-history":[{"count":0,"href":"http:\/\/fundaciolluiscoromina.org\/index.php\/wp-json\/wp\/v2\/posts\/3937\/revisions"}],"wp:attachment":[{"href":"http:\/\/fundaciolluiscoromina.org\/index.php\/wp-json\/wp\/v2\/media?parent=3937"}],"wp:term":[{"taxonomy":"category","embeddable":true,"href":"http:\/\/fundaciolluiscoromina.org\/index.php\/wp-json\/wp\/v2\/categories?post=3937"},{"taxonomy":"post_tag","embeddable":true,"href":"http:\/\/fundaciolluiscoromina.org\/index.php\/wp-json\/wp\/v2\/tags?post=3937"}],"curies":[{"name":"wp","href":"https:\/\/api.w.org\/{rel}","templated":true}]}}