{"id":3948,"date":"2019-01-04T10:45:20","date_gmt":"2019-01-04T09:45:20","guid":{"rendered":"http:\/\/www.fundaciolluiscoromina.org\/?p=3948"},"modified":"2019-01-04T10:45:20","modified_gmt":"2019-01-04T09:45:20","slug":"residencia-artistica-i-concert-divan-gonzalez-brass-family-al-puntal-laboratori-de-les-arts","status":"publish","type":"post","link":"http:\/\/fundaciolluiscoromina.org\/index.php\/2019\/01\/04\/residencia-artistica-i-concert-divan-gonzalez-brass-family-al-puntal-laboratori-de-les-arts\/","title":{"rendered":"Resid\u00e8ncia art\u00edstica i concert d&#8217;Iv\u00e1n Gonz\u00e1lez Brass Family al Puntal &#8211; Laboratori de les Arts"},"content":{"rendered":"<p>El Puntal &#8211; Laboratori de les Arts de la Fundaci\u00f3 Llu\u00eds Coromina acull aquest mes de gener la resid\u00e8ncia art\u00edstica d&#8217;Iv\u00e1n Gonz\u00e1lez Brass Family, un projecte del m\u00fasic, conductor i trompetista nascut a Alcoi Iv\u00e1n Gonz\u00e1lez. Des que es va iniciar al m\u00f3n musical, Gonz\u00e1lez ha obtingut el t\u00edtol superior de Jazz del Conservatori Superior de M\u00fasica del Liceu i ha col\u00b7laborat amb m\u00fasics de l&#8217;escena jazz\u00edstica nacional com Perico Sambeat, Horacio Fumero, David Mengual, Ramon Prats, Juan de Diego i Mariano D\u00edaz, entre d&#8217;altres. Ha format part del David Mengual Free Spirits Big Band i \u00e9s un dels creadors del grup Free Art Ensemble. Amb un gran sentit de la for\u00e7a que pot tenir un col\u00b7lectiu i la visi\u00f3 de la m\u00fasica a gran escala amb imaginaci\u00f3 i sentit de la coher\u00e8ncia dels discursos sonors, Gonz\u00e1lez t\u00e9 un enorme talent per a les conduccions. Ha revolucionat l&#8217;escena de Barcelona amb les seves sessions de Memoria Uno, que qui ha enregistrat quatre discos en els quals ha gestionat improvisacions dirigides per tot tipus de grans formacions. El seu projecte m\u00e9s recent, Brass Family, amb el qual realitzar\u00e0 la resid\u00e8ncia a la Fundaci\u00f3, \u00e9s un ensemble format per dues bateries, tuba, quatre trompetes i tres trombons. Una formaci\u00f3 poc t\u00edpica entre les brass band dels anys 60 i 70, amb la qual s&#8217;interpreten composicions de m\u00fasics com Albert Cirera, Juli\u00e1n S\u00e1nchez, Vicent P\u00e9rez, Toni Vaquer o Fernando Brox, arranjades i dirigides per Iv\u00e1n Gonz\u00e1lez i interpretades per m\u00fasics de l&#8217;escena jazz\u00edstica nacional, com Roger Guti\u00e9rrez i Jos\u00e9 Ben\u00edtez (bateries), David Parras (tuba), Pol Omedes, Pol Padr\u00f3s, \u00d2scar Latorre i Iv\u00e1n Gonz\u00e1lez (trompetes) i Vicent P\u00e9rez, Aram Montagut i V\u00edctor Colomer (trombons).<\/p>\n<p>El concert tindr\u00e0 lloc el diumenge 13 de gener a les 21 h al mateix Puntal &#8211; Laboratori de les Arts de la Fundaci\u00f3 Llu\u00eds Coromina. Les entrades tindran un cost de 5 euros i l&#8217;aforament \u00e9s limitat.<\/p>\n","protected":false},"excerpt":{"rendered":"<p>El Puntal &#8211; Laboratori de les Arts de la Fundaci\u00f3 Llu\u00eds Coromina acull aquest mes de gener la resid\u00e8ncia art\u00edstica &#8230;<\/p>\n","protected":false},"author":2,"featured_media":3949,"comment_status":"open","ping_status":"open","sticky":false,"template":"","format":"standard","meta":{"footnotes":""},"categories":[10,13],"tags":[],"class_list":["post-3948","post","type-post","status-publish","format-standard","has-post-thumbnail","hentry","category-activitats","category-exposicions-puntal-lab"],"_links":{"self":[{"href":"http:\/\/fundaciolluiscoromina.org\/index.php\/wp-json\/wp\/v2\/posts\/3948","targetHints":{"allow":["GET"]}}],"collection":[{"href":"http:\/\/fundaciolluiscoromina.org\/index.php\/wp-json\/wp\/v2\/posts"}],"about":[{"href":"http:\/\/fundaciolluiscoromina.org\/index.php\/wp-json\/wp\/v2\/types\/post"}],"author":[{"embeddable":true,"href":"http:\/\/fundaciolluiscoromina.org\/index.php\/wp-json\/wp\/v2\/users\/2"}],"replies":[{"embeddable":true,"href":"http:\/\/fundaciolluiscoromina.org\/index.php\/wp-json\/wp\/v2\/comments?post=3948"}],"version-history":[{"count":0,"href":"http:\/\/fundaciolluiscoromina.org\/index.php\/wp-json\/wp\/v2\/posts\/3948\/revisions"}],"wp:attachment":[{"href":"http:\/\/fundaciolluiscoromina.org\/index.php\/wp-json\/wp\/v2\/media?parent=3948"}],"wp:term":[{"taxonomy":"category","embeddable":true,"href":"http:\/\/fundaciolluiscoromina.org\/index.php\/wp-json\/wp\/v2\/categories?post=3948"},{"taxonomy":"post_tag","embeddable":true,"href":"http:\/\/fundaciolluiscoromina.org\/index.php\/wp-json\/wp\/v2\/tags?post=3948"}],"curies":[{"name":"wp","href":"https:\/\/api.w.org\/{rel}","templated":true}]}}