{"id":3953,"date":"2019-01-07T11:10:19","date_gmt":"2019-01-07T10:10:19","guid":{"rendered":"http:\/\/www.fundaciolluiscoromina.org\/?p=3953"},"modified":"2019-01-07T11:10:19","modified_gmt":"2019-01-07T10:10:19","slug":"presentacio-de-la-novella-la-sivella-de-josep-vinas","status":"publish","type":"post","link":"http:\/\/fundaciolluiscoromina.org\/index.php\/2019\/01\/07\/presentacio-de-la-novella-la-sivella-de-josep-vinas\/","title":{"rendered":"Presentaci\u00f3 de la novel\u00b7la &#8216;La Sivella&#8217;, de Josep Vi\u00f1as"},"content":{"rendered":"<p>V\u00edctimes i botxins lluiten per superar les marques de les cicatrius aprofitant o malmetent les segones oportunitats de la vida. Aix\u00ed es pot resumir la novel\u00b7la <em>La Sivella<\/em>, de Josep Vi\u00f1as, que es presentar\u00e0 el pr\u00f2xim divendres 18 de gener a les 19 h a la Fundaci\u00f3 Llu\u00eds Coromina &#8211; Espai Eat Art.<\/p>\n<p>Josep Vi\u00f1as i Xifra (Salt, 1967) \u00e9s doctor en Ci\u00e8ncies Econ\u00f2miques i Empresarials i m\u00e0ster en Hisenda Auton\u00f2mica i Local. Treballa com a professor titular d\u2019Economia Financera i Comptabilitat a la Universitat de Girona. Quan va ser regidor de Cultura de l\u2019Ajuntament de Salt (2006), va promoure els Premis Set\u00e8 Cel. El 2013, va guanyar el premi de poesia La Rosa de Salt amb el poema\u00a0<em>Dona cap a la f\u00e0brica<\/em>, i el 2014 va publicar la novel\u00b7la\u00a0<em>Diari d\u2019un onanista<\/em>.<\/p>\n<p>L&#8217;acte de presentaci\u00f3, que tindr\u00e0 lloc el divendres 18 de gener a les 19 h, comptar\u00e0 amb la intervenci\u00f3 de Ricard Planas, director de la Fundaci\u00f3 Llu\u00eds Coromina; Miquel Aguirre, escriptor; Eva Collell, responsable de l&#8217;\u00e0rea social de la Fundaci\u00f3 Llu\u00eds Coromina i AB Intra, i l&#8217;autor, Josep Vi\u00f1as.<\/p>\n","protected":false},"excerpt":{"rendered":"<p>V\u00edctimes i botxins lluiten per superar les marques de les cicatrius aprofitant o malmetent les segones oportunitats de la vida. &#8230;<\/p>\n","protected":false},"author":2,"featured_media":3954,"comment_status":"open","ping_status":"open","sticky":false,"template":"","format":"standard","meta":{"footnotes":""},"categories":[10,11,9,12],"tags":[],"class_list":["post-3953","post","type-post","status-publish","format-standard","has-post-thumbnail","hentry","category-activitats","category-educacio-2","category-historic","category-publicacions"],"_links":{"self":[{"href":"http:\/\/fundaciolluiscoromina.org\/index.php\/wp-json\/wp\/v2\/posts\/3953","targetHints":{"allow":["GET"]}}],"collection":[{"href":"http:\/\/fundaciolluiscoromina.org\/index.php\/wp-json\/wp\/v2\/posts"}],"about":[{"href":"http:\/\/fundaciolluiscoromina.org\/index.php\/wp-json\/wp\/v2\/types\/post"}],"author":[{"embeddable":true,"href":"http:\/\/fundaciolluiscoromina.org\/index.php\/wp-json\/wp\/v2\/users\/2"}],"replies":[{"embeddable":true,"href":"http:\/\/fundaciolluiscoromina.org\/index.php\/wp-json\/wp\/v2\/comments?post=3953"}],"version-history":[{"count":0,"href":"http:\/\/fundaciolluiscoromina.org\/index.php\/wp-json\/wp\/v2\/posts\/3953\/revisions"}],"wp:attachment":[{"href":"http:\/\/fundaciolluiscoromina.org\/index.php\/wp-json\/wp\/v2\/media?parent=3953"}],"wp:term":[{"taxonomy":"category","embeddable":true,"href":"http:\/\/fundaciolluiscoromina.org\/index.php\/wp-json\/wp\/v2\/categories?post=3953"},{"taxonomy":"post_tag","embeddable":true,"href":"http:\/\/fundaciolluiscoromina.org\/index.php\/wp-json\/wp\/v2\/tags?post=3953"}],"curies":[{"name":"wp","href":"https:\/\/api.w.org\/{rel}","templated":true}]}}