{"id":3959,"date":"2019-01-14T10:35:38","date_gmt":"2019-01-14T09:35:38","guid":{"rendered":"http:\/\/www.fundaciolluiscoromina.org\/?p=3959"},"modified":"2019-01-14T10:35:38","modified_gmt":"2019-01-14T09:35:38","slug":"lexposicio-ultraenergia-la-joguina-electrica-com-a-realitat-anticipada-es-prorroga-fins-al-28-de-febrer","status":"publish","type":"post","link":"http:\/\/fundaciolluiscoromina.org\/index.php\/2019\/01\/14\/lexposicio-ultraenergia-la-joguina-electrica-com-a-realitat-anticipada-es-prorroga-fins-al-28-de-febrer\/","title":{"rendered":"L&#8217;exposici\u00f3 &#8216;Ultraenergia: la joguina el\u00e8ctrica com a realitat anticipada&#8217; es prorroga fins al 28 de febrer"},"content":{"rendered":"<p>L&#8217;exposici\u00f3 <em>Ultraenergia: la joguina el\u00e8ctrica com a realitat anticipada<\/em>, instal\u00b7lada a l&#8217;Espai Eat Art, es prorroga fins al dijous 28 de febrer<em>.<\/em> Amb una mirada de passat, present i futur, conjuntament amb el reinventat espai Garage Banyoles Slot, es plantegen els repectes de l\u2019energia del futur a trav\u00e9s de joguines el\u00e8ctriques. Els horaris per visitar-la s\u00f3n els dimecres de 10.30 h a 13.30 h, els dijous i divendres de 16.30 h a 20.30 h i els dissabte d&#8217;11 h a 14 h i de 16.30 h a 20.30 h.<\/p>\n","protected":false},"excerpt":{"rendered":"<p>L&#8217;exposici\u00f3 Ultraenergia: la joguina el\u00e8ctrica com a realitat anticipada, instal\u00b7lada a l&#8217;Espai Eat Art, es prorroga fins al dijous 28 &#8230;<\/p>\n","protected":false},"author":2,"featured_media":3918,"comment_status":"open","ping_status":"open","sticky":false,"template":"","format":"standard","meta":{"footnotes":""},"categories":[227,17],"tags":[],"class_list":["post-3959","post","type-post","status-publish","format-standard","has-post-thumbnail","hentry","category-exposicions-garage","category-exposicions-espai-eat-art"],"_links":{"self":[{"href":"http:\/\/fundaciolluiscoromina.org\/index.php\/wp-json\/wp\/v2\/posts\/3959","targetHints":{"allow":["GET"]}}],"collection":[{"href":"http:\/\/fundaciolluiscoromina.org\/index.php\/wp-json\/wp\/v2\/posts"}],"about":[{"href":"http:\/\/fundaciolluiscoromina.org\/index.php\/wp-json\/wp\/v2\/types\/post"}],"author":[{"embeddable":true,"href":"http:\/\/fundaciolluiscoromina.org\/index.php\/wp-json\/wp\/v2\/users\/2"}],"replies":[{"embeddable":true,"href":"http:\/\/fundaciolluiscoromina.org\/index.php\/wp-json\/wp\/v2\/comments?post=3959"}],"version-history":[{"count":0,"href":"http:\/\/fundaciolluiscoromina.org\/index.php\/wp-json\/wp\/v2\/posts\/3959\/revisions"}],"wp:attachment":[{"href":"http:\/\/fundaciolluiscoromina.org\/index.php\/wp-json\/wp\/v2\/media?parent=3959"}],"wp:term":[{"taxonomy":"category","embeddable":true,"href":"http:\/\/fundaciolluiscoromina.org\/index.php\/wp-json\/wp\/v2\/categories?post=3959"},{"taxonomy":"post_tag","embeddable":true,"href":"http:\/\/fundaciolluiscoromina.org\/index.php\/wp-json\/wp\/v2\/tags?post=3959"}],"curies":[{"name":"wp","href":"https:\/\/api.w.org\/{rel}","templated":true}]}}