{"id":3964,"date":"2019-01-30T13:35:28","date_gmt":"2019-01-30T12:35:28","guid":{"rendered":"http:\/\/www.fundaciolluiscoromina.org\/?p=3964"},"modified":"2019-01-30T13:35:28","modified_gmt":"2019-01-30T12:35:28","slug":"final-de-gira-de-solot-de-ramon-prats-a-lespai-eat-art","status":"publish","type":"post","link":"http:\/\/fundaciolluiscoromina.org\/index.php\/2019\/01\/30\/final-de-gira-de-solot-de-ramon-prats-a-lespai-eat-art\/","title":{"rendered":"Final de gira de SOLOT de Ramon Prats a l&#8217;Espai Eat Art"},"content":{"rendered":"<p>Despr\u00e9s de passar per ciutats com Barcelona, Pamplona, Bilbao, Gij\u00f3n, Madrid o Lisboa, el reconegut bateria banyol\u00ed Ramon Prats posa el punt i final a la gira de SOLOT. I ser\u00e0, com en el concert d&#8217;obertura, a l&#8217;Espai Eat Art de la Fundaci\u00f3 Llu\u00eds Coromina. Es tracta d\u2019una proposta de bateria sola en qu\u00e8 el moment o la sonoritat de la sala s\u00f3n tan importants per la m\u00fasica com qualsevol altre factor. La mem\u00f2ria actua d\u2019eix vertebredor, ja sigui la del propi m\u00fasic o la de l\u2019oient. L\u2019atenci\u00f3, el record, la percepci\u00f3 o la vibraci\u00f3 de l\u2019aire s\u00f3n elements de qualsevol fet musical, i en el SOLOT, aquests elements no tenen una jerarquia pre establerta. L&#8217;actuaci\u00f3 tindr\u00e0 lloc el pr\u00f2xim divendres 1 de febrer a les 21 h (5 \u20ac) i l&#8217;aforament \u00e9s limitat.<\/p>\n<p>&nbsp;<\/p>\n","protected":false},"excerpt":{"rendered":"<p>Despr\u00e9s de passar per ciutats com Barcelona, Pamplona, Bilbao, Gij\u00f3n, Madrid o Lisboa, el reconegut bateria banyol\u00ed Ramon Prats posa &#8230;<\/p>\n","protected":false},"author":2,"featured_media":3965,"comment_status":"open","ping_status":"open","sticky":false,"template":"","format":"standard","meta":{"footnotes":""},"categories":[10],"tags":[],"class_list":["post-3964","post","type-post","status-publish","format-standard","has-post-thumbnail","hentry","category-activitats"],"_links":{"self":[{"href":"http:\/\/fundaciolluiscoromina.org\/index.php\/wp-json\/wp\/v2\/posts\/3964","targetHints":{"allow":["GET"]}}],"collection":[{"href":"http:\/\/fundaciolluiscoromina.org\/index.php\/wp-json\/wp\/v2\/posts"}],"about":[{"href":"http:\/\/fundaciolluiscoromina.org\/index.php\/wp-json\/wp\/v2\/types\/post"}],"author":[{"embeddable":true,"href":"http:\/\/fundaciolluiscoromina.org\/index.php\/wp-json\/wp\/v2\/users\/2"}],"replies":[{"embeddable":true,"href":"http:\/\/fundaciolluiscoromina.org\/index.php\/wp-json\/wp\/v2\/comments?post=3964"}],"version-history":[{"count":0,"href":"http:\/\/fundaciolluiscoromina.org\/index.php\/wp-json\/wp\/v2\/posts\/3964\/revisions"}],"wp:attachment":[{"href":"http:\/\/fundaciolluiscoromina.org\/index.php\/wp-json\/wp\/v2\/media?parent=3964"}],"wp:term":[{"taxonomy":"category","embeddable":true,"href":"http:\/\/fundaciolluiscoromina.org\/index.php\/wp-json\/wp\/v2\/categories?post=3964"},{"taxonomy":"post_tag","embeddable":true,"href":"http:\/\/fundaciolluiscoromina.org\/index.php\/wp-json\/wp\/v2\/tags?post=3964"}],"curies":[{"name":"wp","href":"https:\/\/api.w.org\/{rel}","templated":true}]}}