{"id":3976,"date":"2019-02-28T11:16:50","date_gmt":"2019-02-28T10:16:50","guid":{"rendered":"http:\/\/www.fundaciolluiscoromina.org\/?p=3976"},"modified":"2019-02-28T11:16:50","modified_gmt":"2019-02-28T10:16:50","slug":"presentacio-del-monoleg-teatral-un-mundo-raro","status":"publish","type":"post","link":"http:\/\/fundaciolluiscoromina.org\/index.php\/2019\/02\/28\/presentacio-del-monoleg-teatral-un-mundo-raro\/","title":{"rendered":"Presentaci\u00f3 del mon\u00f2leg teatral &#8216;Un Mundo Raro&#8217;"},"content":{"rendered":"<p>La Fundaci\u00f3 Llu\u00eds Coromina acollir\u00e0 el mon\u00f2leg teatral <em>Un Mundo Raro<\/em>. La interpretaci\u00f3 ser\u00e0 a c\u00e0rrec de l\u2019actriu Patricia Jacas, a partir del text de Jaume Boix, el dissabte 9 de mar\u00e7 a les 19 h a la seu del Puntal.<\/p>\n<p>Jaume Boix \u00e9s periodista i director de la revista <em>El Ciervo<\/em>. Tamb\u00e9 \u00e9s l\u2019autor de <em>Segona Plana<\/em> (una com\u00e8dia sobre periodisme i pol\u00edtica), <em>Freda<\/em>, <em>un vodevil alexandr\u00ed<\/em>, <em>Les can\u00e7ons de Perduda<\/em>, <em>Los cantos de Homero<\/em> (homenatge a Homero Exp\u00f3sito) i <em>Moli\u00e8re la balla<\/em>.<\/p>\n<p>L\u2019actriu Patricia Jacas va ser la gran revelaci\u00f3 de la temporada passada amb el mon\u00f2leg <em>De una soledad muy parecida a la felicidad<\/em>, de la premi Nobel Svetlana Aleksi\u00e9vitx, estrenada a Barcelona i al Centre Pompidou de M\u00e0laga. A m\u00e9s, tamb\u00e9 ha obtingut un gran \u00e8xit amb <em>La mujer sola<\/em>, de Franca Rame i Dario Fo (FILMIN).<\/p>\n<p>L\u2019entrada tindr\u00e0 un cost de 12\u20ac i cal reservar pr\u00e8viament al correu electr\u00f2nic <a href=\"mailto:lascosasdemartinez@gmail.com\">lascosasdemartinez@gmail.com<\/a> o al tel\u00e8fon 669470934.<\/p>\n","protected":false},"excerpt":{"rendered":"<p>La Fundaci\u00f3 Llu\u00eds Coromina acollir\u00e0 el mon\u00f2leg teatral Un Mundo Raro. La interpretaci\u00f3 ser\u00e0 a c\u00e0rrec de l\u2019actriu Patricia Jacas, &#8230;<\/p>\n","protected":false},"author":2,"featured_media":3975,"comment_status":"open","ping_status":"open","sticky":false,"template":"","format":"standard","meta":{"footnotes":""},"categories":[10],"tags":[],"class_list":["post-3976","post","type-post","status-publish","format-standard","has-post-thumbnail","hentry","category-activitats"],"_links":{"self":[{"href":"http:\/\/fundaciolluiscoromina.org\/index.php\/wp-json\/wp\/v2\/posts\/3976","targetHints":{"allow":["GET"]}}],"collection":[{"href":"http:\/\/fundaciolluiscoromina.org\/index.php\/wp-json\/wp\/v2\/posts"}],"about":[{"href":"http:\/\/fundaciolluiscoromina.org\/index.php\/wp-json\/wp\/v2\/types\/post"}],"author":[{"embeddable":true,"href":"http:\/\/fundaciolluiscoromina.org\/index.php\/wp-json\/wp\/v2\/users\/2"}],"replies":[{"embeddable":true,"href":"http:\/\/fundaciolluiscoromina.org\/index.php\/wp-json\/wp\/v2\/comments?post=3976"}],"version-history":[{"count":0,"href":"http:\/\/fundaciolluiscoromina.org\/index.php\/wp-json\/wp\/v2\/posts\/3976\/revisions"}],"wp:attachment":[{"href":"http:\/\/fundaciolluiscoromina.org\/index.php\/wp-json\/wp\/v2\/media?parent=3976"}],"wp:term":[{"taxonomy":"category","embeddable":true,"href":"http:\/\/fundaciolluiscoromina.org\/index.php\/wp-json\/wp\/v2\/categories?post=3976"},{"taxonomy":"post_tag","embeddable":true,"href":"http:\/\/fundaciolluiscoromina.org\/index.php\/wp-json\/wp\/v2\/tags?post=3976"}],"curies":[{"name":"wp","href":"https:\/\/api.w.org\/{rel}","templated":true}]}}