{"id":3984,"date":"2019-03-14T12:19:46","date_gmt":"2019-03-14T11:19:46","guid":{"rendered":"http:\/\/www.fundaciolluiscoromina.org\/?p=3984"},"modified":"2019-03-14T12:19:46","modified_gmt":"2019-03-14T11:19:46","slug":"presentacio-del-llibre-records-de-juan-jose-caballero-carina-farreras-i-suso-perez","status":"publish","type":"post","link":"http:\/\/fundaciolluiscoromina.org\/index.php\/2019\/03\/14\/presentacio-del-llibre-records-de-juan-jose-caballero-carina-farreras-i-suso-perez\/","title":{"rendered":"Presentaci\u00f3 del llibre &#8216;Records&#8217; de Juan Jos\u00e9 Caballero, Carina Farreras i Suso P\u00e9rez"},"content":{"rendered":"<p>El proper dissabte 30 de mar\u00e7 a les 19 h tindr\u00e0 lloc a l\u2019Auditori de l\u2019Ateneu de Banyoles la presentaci\u00f3 del llibre <em>Records, <\/em>amb el suport de la Fundaci\u00f3 Llu\u00eds Coromina i la Fundaci\u00f3 Pasqual Maragall. Un llibre en qu\u00e8 quaranta amics de Pasqual Maragall relaten an\u00e8cdotes i records que subratllen la personalitat de l\u2019expresident de la Generalitat de Catalunya, per tal de sensibilitzar sobre l\u2019Alzheimer i una ajuda per a recaptar fons per la investigaci\u00f3 d\u2019aqueta malaltia.<\/p>\n<p>L\u2019acte s\u2019iniciar\u00e0 amb un parlament de <strong>Cristina Maragall<\/strong>, portaveu de la Fundaci\u00f3 Maragall, i el visionat d\u2019un v\u00eddeo sobre la malaltia. Posteriorment, s\u2019iniciar\u00e0 un di\u00e0leg a cura de dos banyolins \u00edntims col\u00b7laboradors de l\u2019expresident: <strong>Joan Solana<\/strong>, exalcalde de Banyoles, i <strong>Salvador Sarquella<\/strong>, secretari personal de Maragall, condu\u00eft per <strong>Ricard Planas<\/strong>, periodista i director de la Fundaci\u00f3 Llu\u00eds Coromina.<\/p>\n<p>Els autors del llibre s\u00f3n Juan Jos\u00e9 Caballero (Barcelona, 1953), Carina Farreras (Barcelona, 1963) i Suso P\u00e9rez (Ferrol, 1957), tots ells periodistes i que han desenvolupat gran part de la seva carrera professional a <em>La Vanguardia<\/em>.<\/p>\n<p>L\u2019acte tindr\u00e0 lloc a l\u2019Auditori de l\u2019Ateneu de Banyoles (pl. Major, 40). Les persones que vulguin assistir cal que s\u2019inscriguin al tel\u00e8fon 972 58 34 77 o als correus <a href=\"mailto:secretaria@fundaciolluiscoromina.org\">secretaria@fundaciolluiscoromina.org<\/a> o <a href=\"mailto:coordinaci\u00f3@fundaciolluiscoromina.org\">coordinaci\u00f3@fundaciolluiscoromina.org\u00a0<\/a><\/p>\n","protected":false},"excerpt":{"rendered":"<p>El proper dissabte 30 de mar\u00e7 a les 19 h tindr\u00e0 lloc a l\u2019Auditori de l\u2019Ateneu de Banyoles la presentaci\u00f3 &#8230;<\/p>\n","protected":false},"author":2,"featured_media":3986,"comment_status":"open","ping_status":"open","sticky":false,"template":"","format":"standard","meta":{"footnotes":""},"categories":[10],"tags":[],"class_list":["post-3984","post","type-post","status-publish","format-standard","has-post-thumbnail","hentry","category-activitats"],"_links":{"self":[{"href":"http:\/\/fundaciolluiscoromina.org\/index.php\/wp-json\/wp\/v2\/posts\/3984","targetHints":{"allow":["GET"]}}],"collection":[{"href":"http:\/\/fundaciolluiscoromina.org\/index.php\/wp-json\/wp\/v2\/posts"}],"about":[{"href":"http:\/\/fundaciolluiscoromina.org\/index.php\/wp-json\/wp\/v2\/types\/post"}],"author":[{"embeddable":true,"href":"http:\/\/fundaciolluiscoromina.org\/index.php\/wp-json\/wp\/v2\/users\/2"}],"replies":[{"embeddable":true,"href":"http:\/\/fundaciolluiscoromina.org\/index.php\/wp-json\/wp\/v2\/comments?post=3984"}],"version-history":[{"count":0,"href":"http:\/\/fundaciolluiscoromina.org\/index.php\/wp-json\/wp\/v2\/posts\/3984\/revisions"}],"wp:attachment":[{"href":"http:\/\/fundaciolluiscoromina.org\/index.php\/wp-json\/wp\/v2\/media?parent=3984"}],"wp:term":[{"taxonomy":"category","embeddable":true,"href":"http:\/\/fundaciolluiscoromina.org\/index.php\/wp-json\/wp\/v2\/categories?post=3984"},{"taxonomy":"post_tag","embeddable":true,"href":"http:\/\/fundaciolluiscoromina.org\/index.php\/wp-json\/wp\/v2\/tags?post=3984"}],"curies":[{"name":"wp","href":"https:\/\/api.w.org\/{rel}","templated":true}]}}