{"id":3995,"date":"2019-03-27T11:00:19","date_gmt":"2019-03-27T10:00:19","guid":{"rendered":"http:\/\/www.fundaciolluiscoromina.org\/?p=3995"},"modified":"2019-03-27T11:00:19","modified_gmt":"2019-03-27T10:00:19","slug":"espai-isern-dalmau-nova-seu-de-la-fundacio-lluis-coromina-a-barcelona","status":"publish","type":"post","link":"http:\/\/fundaciolluiscoromina.org\/index.php\/2019\/03\/27\/espai-isern-dalmau-nova-seu-de-la-fundacio-lluis-coromina-a-barcelona\/","title":{"rendered":"Espai Isern Dalmau: nova seu de la Fundaci\u00f3 Llu\u00eds Coromina a Barcelona"},"content":{"rendered":"<p>La Fundaci\u00f3 Llu\u00eds Coromina obre les portes d\u2019un nou espai situat a Barcelona, que portar\u00e0 el nom d\u2019Isern Dalmau, avi matern del president de la fundaci\u00f3 i prohom de la cultura catalana. Es tracta d\u2019un centre multidisciplinar que combina la funci\u00f3 expositiva amb el <em>coworking<\/em> cultural i social.<\/p>\n<p>L\u2019espai s\u2019inaugurar\u00e0 el dimarts 2 d\u2019abril a les 19:30 h amb l\u2019exposici\u00f3 \u2018Mites i M\u00e0scares. Una visi\u00f3 de l\u2019univers creatiu d\u2019Albert Serra\u2019 amb fotografies de Rom\u00e1n Y\u00f1\u00e1n que provenen d\u2019una beca de la fundaci\u00f3 al Festival Panor\u00e0mic de Granollers. L\u2019exposici\u00f3 complementa la que s\u2019est\u00e0 duent a terme a la Fundaci\u00f3 Antoni T\u00e0pies.<\/p>\n<p>Paral\u00b7lelament, el proper dimarts dos d\u2019abril, dia mundial de l\u2019Autisme, la Fundaci\u00f3 Llu\u00eds Coromina presentar\u00e0 la propera exposici\u00f3 \u2018Disseny Social\u2019 d\u2019Andr\u00e9 Ricard amb la complicitat de la Fundaci\u00f3 Mas Casadevall i amb la col\u00b7laboraci\u00f3 del jove dissenyador Andreu Carulla.<\/p>\n","protected":false},"excerpt":{"rendered":"<p>La Fundaci\u00f3 Llu\u00eds Coromina obre les portes d\u2019un nou espai situat a Barcelona, que portar\u00e0 el nom d\u2019Isern Dalmau, avi &#8230;<\/p>\n","protected":false},"author":2,"featured_media":3994,"comment_status":"open","ping_status":"open","sticky":false,"template":"","format":"standard","meta":{"footnotes":""},"categories":[10],"tags":[],"class_list":["post-3995","post","type-post","status-publish","format-standard","has-post-thumbnail","hentry","category-activitats"],"_links":{"self":[{"href":"http:\/\/fundaciolluiscoromina.org\/index.php\/wp-json\/wp\/v2\/posts\/3995","targetHints":{"allow":["GET"]}}],"collection":[{"href":"http:\/\/fundaciolluiscoromina.org\/index.php\/wp-json\/wp\/v2\/posts"}],"about":[{"href":"http:\/\/fundaciolluiscoromina.org\/index.php\/wp-json\/wp\/v2\/types\/post"}],"author":[{"embeddable":true,"href":"http:\/\/fundaciolluiscoromina.org\/index.php\/wp-json\/wp\/v2\/users\/2"}],"replies":[{"embeddable":true,"href":"http:\/\/fundaciolluiscoromina.org\/index.php\/wp-json\/wp\/v2\/comments?post=3995"}],"version-history":[{"count":0,"href":"http:\/\/fundaciolluiscoromina.org\/index.php\/wp-json\/wp\/v2\/posts\/3995\/revisions"}],"wp:attachment":[{"href":"http:\/\/fundaciolluiscoromina.org\/index.php\/wp-json\/wp\/v2\/media?parent=3995"}],"wp:term":[{"taxonomy":"category","embeddable":true,"href":"http:\/\/fundaciolluiscoromina.org\/index.php\/wp-json\/wp\/v2\/categories?post=3995"},{"taxonomy":"post_tag","embeddable":true,"href":"http:\/\/fundaciolluiscoromina.org\/index.php\/wp-json\/wp\/v2\/tags?post=3995"}],"curies":[{"name":"wp","href":"https:\/\/api.w.org\/{rel}","templated":true}]}}