{"id":4002,"date":"2019-04-03T12:30:29","date_gmt":"2019-04-03T10:30:29","guid":{"rendered":"http:\/\/www.fundaciolluiscoromina.org\/?p=4002"},"modified":"2019-04-03T12:30:29","modified_gmt":"2019-04-03T10:30:29","slug":"inaugurada-la-nova-seu-de-la-fundacio-lluis-coromina-a-barcelona-espai-isern-dalmau","status":"publish","type":"post","link":"http:\/\/fundaciolluiscoromina.org\/index.php\/2019\/04\/03\/inaugurada-la-nova-seu-de-la-fundacio-lluis-coromina-a-barcelona-espai-isern-dalmau\/","title":{"rendered":"Inaugurada la nova seu de la Fundaci\u00f3 Llu\u00eds Coromina a Barcelona: Espai Isern Dalmau"},"content":{"rendered":"<p>La Fundaci\u00f3 Llu\u00eds Coromina ha inaugurat el nou local Espai Isern Dalmau a Barcelona. Es tracta d\u2019un espai de coworking social i cultural i tamb\u00e9 de car\u00e0cter expositiu. El nom Isern Dalmau \u00e9s el tribut a l\u2019avi matern del president de la fundaci\u00f3, que fou mecenes, advocat i catalanista.<\/p>\n<p>Ubicat a Barcelona (C\/Mallorca 305 local 2), est\u00e0 dirigit per Ricard Planas, editor de bonart, i neix amb l\u2019objectiu principal de promoure i difondre les arts visuals contempor\u00e0nies. L\u2019Espai multidisciplinari vol convertir-se en un punt de trobada de tots els agents culturals i art\u00edstics del panorama nacional i internacional. S\u2019hi organitzaran trobades, confer\u00e8ncies, debats, presentacions i exposicions de gran prestigi per enriquir l\u2019oferta cultural contempor\u00e0nia del pa\u00eds.<\/p>\n<p>El nou espai s\u2019ha obert amb la inauguraci\u00f3 de l\u2019exposici\u00f3 de fotografia de Rom\u00e1n Y\u00f1\u00e1n: \u2018Mites i m\u00e0scares. Una visi\u00f3 de l\u2019univers creatiu d\u2019Albert Serra\u2019. Rom\u00e1n Y\u00f1\u00e1n \u00e9s col\u00b7laborador habitual dels rodatges del director banyol\u00ed i ha documentat bona part del m\u00f3n del cineasta. El seu treball fotogr\u00e0fic ens fa de nexe d\u2019uni\u00f3 entre el cinema radical de l\u2019Albert i la fotografia m\u00e9s lliure i directa. Aquesta exposici\u00f3 complementa la que s\u2019est\u00e0 duent a terme a la Fundaci\u00f3 Antoni T\u00e0pies \u2018Albert Serra. Roi Soleil\u2019.<\/p>\n<p>Paral\u00b7lelament, coincidint amb el dia mundial de l\u2019Autisme, la Fundaci\u00f3 Llu\u00eds Coromina ha presentat l\u2019exposici\u00f3 \u2018Disseny Social\u2019 d\u2019Andre Ricard amb la complicitat de la Fundaci\u00f3 Mas Casadevall i amb la col\u00b7laboraci\u00f3 del jove dissenyador Andreu Carulla.<\/p>\n","protected":false},"excerpt":{"rendered":"<p>La Fundaci\u00f3 Llu\u00eds Coromina ha inaugurat el nou local Espai Isern Dalmau a Barcelona. Es tracta d\u2019un espai de coworking &#8230;<\/p>\n","protected":false},"author":2,"featured_media":4000,"comment_status":"open","ping_status":"open","sticky":false,"template":"","format":"standard","meta":{"footnotes":""},"categories":[10],"tags":[],"class_list":["post-4002","post","type-post","status-publish","format-standard","has-post-thumbnail","hentry","category-activitats"],"_links":{"self":[{"href":"http:\/\/fundaciolluiscoromina.org\/index.php\/wp-json\/wp\/v2\/posts\/4002","targetHints":{"allow":["GET"]}}],"collection":[{"href":"http:\/\/fundaciolluiscoromina.org\/index.php\/wp-json\/wp\/v2\/posts"}],"about":[{"href":"http:\/\/fundaciolluiscoromina.org\/index.php\/wp-json\/wp\/v2\/types\/post"}],"author":[{"embeddable":true,"href":"http:\/\/fundaciolluiscoromina.org\/index.php\/wp-json\/wp\/v2\/users\/2"}],"replies":[{"embeddable":true,"href":"http:\/\/fundaciolluiscoromina.org\/index.php\/wp-json\/wp\/v2\/comments?post=4002"}],"version-history":[{"count":0,"href":"http:\/\/fundaciolluiscoromina.org\/index.php\/wp-json\/wp\/v2\/posts\/4002\/revisions"}],"wp:attachment":[{"href":"http:\/\/fundaciolluiscoromina.org\/index.php\/wp-json\/wp\/v2\/media?parent=4002"}],"wp:term":[{"taxonomy":"category","embeddable":true,"href":"http:\/\/fundaciolluiscoromina.org\/index.php\/wp-json\/wp\/v2\/categories?post=4002"},{"taxonomy":"post_tag","embeddable":true,"href":"http:\/\/fundaciolluiscoromina.org\/index.php\/wp-json\/wp\/v2\/tags?post=4002"}],"curies":[{"name":"wp","href":"https:\/\/api.w.org\/{rel}","templated":true}]}}