{"id":4005,"date":"2019-04-04T11:08:25","date_gmt":"2019-04-04T09:08:25","guid":{"rendered":"http:\/\/www.fundaciolluiscoromina.org\/?p=4005"},"modified":"2019-04-04T11:08:25","modified_gmt":"2019-04-04T09:08:25","slug":"la-mona-mona-arriba-a-lespai-eat-art","status":"publish","type":"post","link":"http:\/\/fundaciolluiscoromina.org\/index.php\/2019\/04\/04\/la-mona-mona-arriba-a-lespai-eat-art\/","title":{"rendered":"&#8216;La Mona Mona&#8217; arriba a l&#8217;Espai Eat Art"},"content":{"rendered":"<p>El proper dimarts 9 d\u2019abril a les 19 h tindr\u00e0 lloc la inauguraci\u00f3 de l\u2019exposici\u00f3 <em>La Mona Mona<\/em> a l\u2019Espai Eat Art, amb el suport de la Fundaci\u00f3 Llu\u00eds Coromina i la Fundaci\u00f3 Mona. Vinculant els conceptes art i alimentaci\u00f3 es donar\u00e0 a con\u00e8ixer com s\u2019elabora el postre dol\u00e7 \u2018Mona\u2019, t\u00edpic d\u2019aquestes dates, que Casa Cacao del Celler de Can Roca dedica a la Fundaci\u00f3 Mona. El proc\u00e9s de treball estar\u00e0 documentat pel fot\u00f2graf culinari Fracesc Guillamet i amb un relat del cr\u00edtic gastron\u00f2mic Salvador Garcia-Arb\u00f3s. L&#8217;exposici\u00f3 tamb\u00e9 comptar\u00e0 amb fotografies de Miquel Llorente, sobre els primats de la Fundaci\u00f3 Mona.<\/p>\n<p>L\u2019acte d\u2019inauguraci\u00f3 tindr\u00e0 lloc a l\u2019Espai Eat Art (pla\u00e7a Major, 33 Banyoles 17820) i es podr\u00e0 visitar els dimecres de 10.30 h a 13.30, dijous i divendres de 16.30 h a 20.30 h i dissabtes d\u201911 h a 14 h i de 16.30 h a 20.30 h. La mostra estar\u00e0 disponible fins al 6 de maig de 2019.<\/p>\n","protected":false},"excerpt":{"rendered":"<p>El proper dimarts 9 d\u2019abril a les 19 h tindr\u00e0 lloc la inauguraci\u00f3 de l\u2019exposici\u00f3 La Mona Mona a l\u2019Espai &#8230;<\/p>\n","protected":false},"author":2,"featured_media":3990,"comment_status":"open","ping_status":"open","sticky":false,"template":"","format":"standard","meta":{"footnotes":""},"categories":[10],"tags":[],"class_list":["post-4005","post","type-post","status-publish","format-standard","has-post-thumbnail","hentry","category-activitats"],"_links":{"self":[{"href":"http:\/\/fundaciolluiscoromina.org\/index.php\/wp-json\/wp\/v2\/posts\/4005","targetHints":{"allow":["GET"]}}],"collection":[{"href":"http:\/\/fundaciolluiscoromina.org\/index.php\/wp-json\/wp\/v2\/posts"}],"about":[{"href":"http:\/\/fundaciolluiscoromina.org\/index.php\/wp-json\/wp\/v2\/types\/post"}],"author":[{"embeddable":true,"href":"http:\/\/fundaciolluiscoromina.org\/index.php\/wp-json\/wp\/v2\/users\/2"}],"replies":[{"embeddable":true,"href":"http:\/\/fundaciolluiscoromina.org\/index.php\/wp-json\/wp\/v2\/comments?post=4005"}],"version-history":[{"count":0,"href":"http:\/\/fundaciolluiscoromina.org\/index.php\/wp-json\/wp\/v2\/posts\/4005\/revisions"}],"wp:attachment":[{"href":"http:\/\/fundaciolluiscoromina.org\/index.php\/wp-json\/wp\/v2\/media?parent=4005"}],"wp:term":[{"taxonomy":"category","embeddable":true,"href":"http:\/\/fundaciolluiscoromina.org\/index.php\/wp-json\/wp\/v2\/categories?post=4005"},{"taxonomy":"post_tag","embeddable":true,"href":"http:\/\/fundaciolluiscoromina.org\/index.php\/wp-json\/wp\/v2\/tags?post=4005"}],"curies":[{"name":"wp","href":"https:\/\/api.w.org\/{rel}","templated":true}]}}