{"id":4012,"date":"2019-04-11T11:00:54","date_gmt":"2019-04-11T09:00:54","guid":{"rendered":"http:\/\/www.fundaciolluiscoromina.org\/?p=4012"},"modified":"2019-04-11T11:00:54","modified_gmt":"2019-04-11T09:00:54","slug":"inaugurada-la-mona-mona","status":"publish","type":"post","link":"http:\/\/fundaciolluiscoromina.org\/index.php\/2019\/04\/11\/inaugurada-la-mona-mona\/","title":{"rendered":"Inaugurada &#8216;La Mona Mona&#8217;"},"content":{"rendered":"<p>La Fundaci\u00f3 Llu\u00eds Coromina i la Fundaci\u00f3 Mona han inaugurat l\u2019exposici\u00f3 \u2018La Mona Mona\u2019 a l\u2019Espai Eat Art. La mostra dona a con\u00e8ixer com el reconegut pastisser del Celler de Can Roca, Jordi Roca, ha elaborat el tradicional dol\u00e7 de Setmana Santa dedicat a la Fundaci\u00f3 Mona.<\/p>\n<p>El proc\u00e9s de treball ha estat documentat pel fot\u00f2graf culinari Francesc Guillamet i compta amb un relat del cr\u00edtic gastron\u00f2mic Salvador Garcia-Arb\u00f3s.<\/p>\n<p>L\u2019exposici\u00f3 es complementa amb una mostra de fotografies de Miquel Llorente sobre els primats de la seu de la Fundaci\u00f3 Mona de Riudellots de la Selva i amb altres mones creades per Roca.<\/p>\n<p>La mostra es podr\u00e0 veure fins al 6 de maig a l\u2019Espai Eat Art els dimecres de 10.30 h a 13.30 h, els dijous i divendres de 16.30 h a 20.30 h i els dissabte d\u201911 h a 14 h i de 16.30 h a 20.30 h.<\/p>\n","protected":false},"excerpt":{"rendered":"<p>La Fundaci\u00f3 Llu\u00eds Coromina i la Fundaci\u00f3 Mona han inaugurat l\u2019exposici\u00f3 \u2018La Mona Mona\u2019 a l\u2019Espai Eat Art. La mostra &#8230;<\/p>\n","protected":false},"author":2,"featured_media":4013,"comment_status":"open","ping_status":"open","sticky":false,"template":"","format":"standard","meta":{"footnotes":""},"categories":[10],"tags":[],"class_list":["post-4012","post","type-post","status-publish","format-standard","has-post-thumbnail","hentry","category-activitats"],"_links":{"self":[{"href":"http:\/\/fundaciolluiscoromina.org\/index.php\/wp-json\/wp\/v2\/posts\/4012","targetHints":{"allow":["GET"]}}],"collection":[{"href":"http:\/\/fundaciolluiscoromina.org\/index.php\/wp-json\/wp\/v2\/posts"}],"about":[{"href":"http:\/\/fundaciolluiscoromina.org\/index.php\/wp-json\/wp\/v2\/types\/post"}],"author":[{"embeddable":true,"href":"http:\/\/fundaciolluiscoromina.org\/index.php\/wp-json\/wp\/v2\/users\/2"}],"replies":[{"embeddable":true,"href":"http:\/\/fundaciolluiscoromina.org\/index.php\/wp-json\/wp\/v2\/comments?post=4012"}],"version-history":[{"count":0,"href":"http:\/\/fundaciolluiscoromina.org\/index.php\/wp-json\/wp\/v2\/posts\/4012\/revisions"}],"wp:attachment":[{"href":"http:\/\/fundaciolluiscoromina.org\/index.php\/wp-json\/wp\/v2\/media?parent=4012"}],"wp:term":[{"taxonomy":"category","embeddable":true,"href":"http:\/\/fundaciolluiscoromina.org\/index.php\/wp-json\/wp\/v2\/categories?post=4012"},{"taxonomy":"post_tag","embeddable":true,"href":"http:\/\/fundaciolluiscoromina.org\/index.php\/wp-json\/wp\/v2\/tags?post=4012"}],"curies":[{"name":"wp","href":"https:\/\/api.w.org\/{rel}","templated":true}]}}