{"id":4018,"date":"2019-04-29T12:53:28","date_gmt":"2019-04-29T10:53:28","guid":{"rendered":"http:\/\/www.fundaciolluiscoromina.org\/?p=4018"},"modified":"2019-04-29T12:53:28","modified_gmt":"2019-04-29T10:53:28","slug":"la-fundacio-lluis-coromina-estrena-perfil-a-instagram","status":"publish","type":"post","link":"http:\/\/fundaciolluiscoromina.org\/index.php\/2019\/04\/29\/la-fundacio-lluis-coromina-estrena-perfil-a-instagram\/","title":{"rendered":"La Fundaci\u00f3 Llu\u00eds Coromina estrena perfil a Instagram"},"content":{"rendered":"<p>La Fundaci\u00f3 Llu\u00eds Coromina ha obert un <strong>nou canal de comunicaci\u00f3<\/strong> a la xarxa social Instagram, on es publicaran totes les activitats i altra informaci\u00f3 d\u2019inter\u00e8s. El perfil ja est\u00e0 disponible i es pot seguir a @fundaciolluiscoromina.<\/p>\n<p>A banda d\u2019Instagram, la fundaci\u00f3 tamb\u00e9 compta amb perfil a Facebook (@fundaciolluisocoromina) i a Twitter (@FundaCoromina).<\/p>\n","protected":false},"excerpt":{"rendered":"<p>La Fundaci\u00f3 Llu\u00eds Coromina ha obert un nou canal de comunicaci\u00f3 a la xarxa social Instagram, on es publicaran totes &#8230;<\/p>\n","protected":false},"author":2,"featured_media":4019,"comment_status":"open","ping_status":"open","sticky":false,"template":"","format":"standard","meta":{"footnotes":""},"categories":[10],"tags":[],"class_list":["post-4018","post","type-post","status-publish","format-standard","has-post-thumbnail","hentry","category-activitats"],"_links":{"self":[{"href":"http:\/\/fundaciolluiscoromina.org\/index.php\/wp-json\/wp\/v2\/posts\/4018","targetHints":{"allow":["GET"]}}],"collection":[{"href":"http:\/\/fundaciolluiscoromina.org\/index.php\/wp-json\/wp\/v2\/posts"}],"about":[{"href":"http:\/\/fundaciolluiscoromina.org\/index.php\/wp-json\/wp\/v2\/types\/post"}],"author":[{"embeddable":true,"href":"http:\/\/fundaciolluiscoromina.org\/index.php\/wp-json\/wp\/v2\/users\/2"}],"replies":[{"embeddable":true,"href":"http:\/\/fundaciolluiscoromina.org\/index.php\/wp-json\/wp\/v2\/comments?post=4018"}],"version-history":[{"count":0,"href":"http:\/\/fundaciolluiscoromina.org\/index.php\/wp-json\/wp\/v2\/posts\/4018\/revisions"}],"wp:attachment":[{"href":"http:\/\/fundaciolluiscoromina.org\/index.php\/wp-json\/wp\/v2\/media?parent=4018"}],"wp:term":[{"taxonomy":"category","embeddable":true,"href":"http:\/\/fundaciolluiscoromina.org\/index.php\/wp-json\/wp\/v2\/categories?post=4018"},{"taxonomy":"post_tag","embeddable":true,"href":"http:\/\/fundaciolluiscoromina.org\/index.php\/wp-json\/wp\/v2\/tags?post=4018"}],"curies":[{"name":"wp","href":"https:\/\/api.w.org\/{rel}","templated":true}]}}