{"id":4022,"date":"2019-05-02T12:10:46","date_gmt":"2019-05-02T10:10:46","guid":{"rendered":"http:\/\/www.fundaciolluiscoromina.org\/?p=4022"},"modified":"2019-05-02T12:10:46","modified_gmt":"2019-05-02T10:10:46","slug":"la-xxi-biennal-dart-contemporani-catala-arriba-a-banyoles","status":"publish","type":"post","link":"http:\/\/fundaciolluiscoromina.org\/index.php\/2019\/05\/02\/la-xxi-biennal-dart-contemporani-catala-arriba-a-banyoles\/","title":{"rendered":"La XXI Biennal d\u2019Art Contemporani Catal\u00e0 arriba a Banyoles"},"content":{"rendered":"<p>La Fundaci\u00f3 Llu\u00eds Coromina coorganitza la XXI Biennal d\u2019Art Contemporani Catal\u00e0 2018. L\u2019exposici\u00f3 tindr\u00e0 lloc del 10 al 30 de maig de 2019 al Puntal \u2013 Laboratori de les Arts de Banyoles.<\/p>\n<p>Es tracta d\u2019una exposici\u00f3 que mostra la diversitat de formes i sensibilitats d\u2019onze joves de diferents proced\u00e8ncies, seleccionats d\u2019entre 65 participants. Les seves obres s\u00f3n representatives dels diferents corrents de la pl\u00e0stica que es conrea a casa nostra. L\u2019exposci\u00f3 tamb\u00e9 passar\u00e0 Sant Cugat del Vall\u00e8s, Lleida, Tarragona, Reus, Vilanova i La Geltr\u00fa i Vilafranca del Pened\u00e8s.<\/p>\n<p>Els artistes participants s\u00f3n Guillem S. Arquer, de Sant Fost de Campsentelles; Mariona Berenguer, de Sant Cugat del Vall\u00e8s; Irene Bou, de Matar\u00f3; Adri\u00e0 Gamero, d\u2019Olot; Anna Ill, de Vilanova i la Geltr\u00fa; Carles Llonch, de Lleida; Joan Pall\u00e9, de Lleida; Anna Pasc\u00f3, d\u2019Esplugues de Llobregat; Yurian Quintanas, de Tona; Eduardo Ruiz, de Barcelona i Sebasti\u00e1n Ruiz de Montcada i Reixach.<\/p>\n<p>El jurat que ha seleccionat els joves participants representa el sector de les arts pl\u00e0stiques a Catalunya i actualment est\u00e0 format per Josep Canals, galerista i director de la Biennal; Aida Marin, historiadora d\u2019art i comiss\u00e0ria d\u2019exposicions de Reus: Albert Mercad\u00e9, director de la Fundaci\u00f3 Arranz-Bravo de l\u2019Hospitalet del Llobregat; Ricard Planas, director de la revista Bonart de Girona, i Jes\u00fas Vilamaj\u00f3, director de l\u2019Embarrat de T\u00e0rrega.<\/p>\n<p>La inauguraci\u00f3 tindr\u00e0 lloc el 10 de maig a les 19.30 al Puntal \u2013 Laboratori de les Arts de la Fundaci\u00f3 Llu\u00eds Coromina (c\/ de Girona, 161) \u00a0i estar\u00e0 disponible fins al 30 de maig.<\/p>\n","protected":false},"excerpt":{"rendered":"<p>La Fundaci\u00f3 Llu\u00eds Coromina coorganitza la XXI Biennal d\u2019Art Contemporani Catal\u00e0 2018. L\u2019exposici\u00f3 tindr\u00e0 lloc del 10 al 30 de &#8230;<\/p>\n","protected":false},"author":2,"featured_media":4023,"comment_status":"open","ping_status":"open","sticky":false,"template":"","format":"standard","meta":{"footnotes":""},"categories":[10],"tags":[],"class_list":["post-4022","post","type-post","status-publish","format-standard","has-post-thumbnail","hentry","category-activitats"],"_links":{"self":[{"href":"http:\/\/fundaciolluiscoromina.org\/index.php\/wp-json\/wp\/v2\/posts\/4022","targetHints":{"allow":["GET"]}}],"collection":[{"href":"http:\/\/fundaciolluiscoromina.org\/index.php\/wp-json\/wp\/v2\/posts"}],"about":[{"href":"http:\/\/fundaciolluiscoromina.org\/index.php\/wp-json\/wp\/v2\/types\/post"}],"author":[{"embeddable":true,"href":"http:\/\/fundaciolluiscoromina.org\/index.php\/wp-json\/wp\/v2\/users\/2"}],"replies":[{"embeddable":true,"href":"http:\/\/fundaciolluiscoromina.org\/index.php\/wp-json\/wp\/v2\/comments?post=4022"}],"version-history":[{"count":0,"href":"http:\/\/fundaciolluiscoromina.org\/index.php\/wp-json\/wp\/v2\/posts\/4022\/revisions"}],"wp:attachment":[{"href":"http:\/\/fundaciolluiscoromina.org\/index.php\/wp-json\/wp\/v2\/media?parent=4022"}],"wp:term":[{"taxonomy":"category","embeddable":true,"href":"http:\/\/fundaciolluiscoromina.org\/index.php\/wp-json\/wp\/v2\/categories?post=4022"},{"taxonomy":"post_tag","embeddable":true,"href":"http:\/\/fundaciolluiscoromina.org\/index.php\/wp-json\/wp\/v2\/tags?post=4022"}],"curies":[{"name":"wp","href":"https:\/\/api.w.org\/{rel}","templated":true}]}}