{"id":4032,"date":"2019-05-13T09:40:37","date_gmt":"2019-05-13T07:40:37","guid":{"rendered":"http:\/\/www.fundaciolluiscoromina.org\/?p=4032"},"modified":"2019-05-13T09:40:37","modified_gmt":"2019-05-13T07:40:37","slug":"el-compositor-nord-america-wade-matthews-en-concert-a-lespai-eat-art","status":"publish","type":"post","link":"http:\/\/fundaciolluiscoromina.org\/index.php\/2019\/05\/13\/el-compositor-nord-america-wade-matthews-en-concert-a-lespai-eat-art\/","title":{"rendered":"El compositor nord-americ\u00e0 Wade Matthews en concert a l\u2019Espai Eat Art"},"content":{"rendered":"<p>L\u2019Espai Eat Art acollir\u00e0 el concert de l\u2019improvisador i compositor nord-americ\u00e0 Wade Matthews el dilluns 20 de maig a les 21 h (5\u20ac, aforament limitat). L\u2019artista utilitza com a instrument principal dos ordinadors per combinar de manera improvisada sons ac\u00fastics i electr\u00f2nics. Matthews viu el moment amb molta intensitat, compartint amb el p\u00fablic l\u2019experi\u00e8ncia i fent-lo part\u00edcip en el proc\u00e9s de creaci\u00f3. D\u2019aquesta manera aconsegueix crear m\u00fasica a l\u2019instant, que explora les possibilitats del lloc i del moment.<\/p>\n","protected":false},"excerpt":{"rendered":"<p>L\u2019Espai Eat Art acollir\u00e0 el concert de l\u2019improvisador i compositor nord-americ\u00e0 Wade Matthews el dilluns 20 de maig a les &#8230;<\/p>\n","protected":false},"author":2,"featured_media":4035,"comment_status":"open","ping_status":"open","sticky":false,"template":"","format":"standard","meta":{"footnotes":""},"categories":[10],"tags":[],"class_list":["post-4032","post","type-post","status-publish","format-standard","has-post-thumbnail","hentry","category-activitats"],"_links":{"self":[{"href":"http:\/\/fundaciolluiscoromina.org\/index.php\/wp-json\/wp\/v2\/posts\/4032","targetHints":{"allow":["GET"]}}],"collection":[{"href":"http:\/\/fundaciolluiscoromina.org\/index.php\/wp-json\/wp\/v2\/posts"}],"about":[{"href":"http:\/\/fundaciolluiscoromina.org\/index.php\/wp-json\/wp\/v2\/types\/post"}],"author":[{"embeddable":true,"href":"http:\/\/fundaciolluiscoromina.org\/index.php\/wp-json\/wp\/v2\/users\/2"}],"replies":[{"embeddable":true,"href":"http:\/\/fundaciolluiscoromina.org\/index.php\/wp-json\/wp\/v2\/comments?post=4032"}],"version-history":[{"count":0,"href":"http:\/\/fundaciolluiscoromina.org\/index.php\/wp-json\/wp\/v2\/posts\/4032\/revisions"}],"wp:attachment":[{"href":"http:\/\/fundaciolluiscoromina.org\/index.php\/wp-json\/wp\/v2\/media?parent=4032"}],"wp:term":[{"taxonomy":"category","embeddable":true,"href":"http:\/\/fundaciolluiscoromina.org\/index.php\/wp-json\/wp\/v2\/categories?post=4032"},{"taxonomy":"post_tag","embeddable":true,"href":"http:\/\/fundaciolluiscoromina.org\/index.php\/wp-json\/wp\/v2\/tags?post=4032"}],"curies":[{"name":"wp","href":"https:\/\/api.w.org\/{rel}","templated":true}]}}