{"id":4036,"date":"2019-05-20T09:25:26","date_gmt":"2019-05-20T07:25:26","guid":{"rendered":"http:\/\/www.fundaciolluiscoromina.org\/?p=4036"},"modified":"2019-05-20T09:25:26","modified_gmt":"2019-05-20T07:25:26","slug":"torna-a-lespai-eat-art-el-fem-jazz-amb-sarah-claman-nuria-andorra","status":"publish","type":"post","link":"http:\/\/fundaciolluiscoromina.org\/index.php\/2019\/05\/20\/torna-a-lespai-eat-art-el-fem-jazz-amb-sarah-claman-nuria-andorra\/","title":{"rendered":"Torna a l\u2019Espai Eat Art el FEM Jazz! amb Sarah Claman &#038; N\u00faria Andorr\u00e0"},"content":{"rendered":"<p>La Fundaci\u00f3 Llu\u00eds Coromina d\u00f3na suport al Festival d\u2019Emerg\u00e8ncies Musicals FEM Jazz! i acull la col\u00b7laboraci\u00f3, en prim\u00edcia, de Sarah Claman &amp; N\u00faria Andorr\u00e0, peces clau de la m\u00fasica improvisada a Catalunya. Sarah Claman aportar\u00e0 l\u2019her\u00e8ncia de la m\u00fasica cl\u00e0ssica europea, representada pel viol\u00ed, mentre que N\u00faria Andorr\u00e0 interpretar\u00e0 l\u2019her\u00e8ncia de la m\u00fasica africana o folkl\u00f2rica a trav\u00e9s de la percussi\u00f3, fusionant ambdues corrents en aquest concert.<\/p>\n<p>L\u2019actuaci\u00f3 tindr\u00e0 lloc el divendres 24 de maig a les 21 h a l\u2019Espai Eat Art (pl. Major, 33) i ser\u00e0 gratu\u00efta amb aforament limitat.<\/p>\n<p>M\u00e9s informaci\u00f3 del festival a <a href=\"http:\/\/www.femjazz.cat\/\">http:\/\/www.femjazz.cat\/<\/a><\/p>\n","protected":false},"excerpt":{"rendered":"<p>La Fundaci\u00f3 Llu\u00eds Coromina d\u00f3na suport al Festival d\u2019Emerg\u00e8ncies Musicals FEM Jazz! i acull la col\u00b7laboraci\u00f3, en prim\u00edcia, de Sarah &#8230;<\/p>\n","protected":false},"author":2,"featured_media":4042,"comment_status":"open","ping_status":"open","sticky":false,"template":"","format":"standard","meta":{"footnotes":""},"categories":[10],"tags":[],"class_list":["post-4036","post","type-post","status-publish","format-standard","has-post-thumbnail","hentry","category-activitats"],"_links":{"self":[{"href":"http:\/\/fundaciolluiscoromina.org\/index.php\/wp-json\/wp\/v2\/posts\/4036","targetHints":{"allow":["GET"]}}],"collection":[{"href":"http:\/\/fundaciolluiscoromina.org\/index.php\/wp-json\/wp\/v2\/posts"}],"about":[{"href":"http:\/\/fundaciolluiscoromina.org\/index.php\/wp-json\/wp\/v2\/types\/post"}],"author":[{"embeddable":true,"href":"http:\/\/fundaciolluiscoromina.org\/index.php\/wp-json\/wp\/v2\/users\/2"}],"replies":[{"embeddable":true,"href":"http:\/\/fundaciolluiscoromina.org\/index.php\/wp-json\/wp\/v2\/comments?post=4036"}],"version-history":[{"count":0,"href":"http:\/\/fundaciolluiscoromina.org\/index.php\/wp-json\/wp\/v2\/posts\/4036\/revisions"}],"wp:attachment":[{"href":"http:\/\/fundaciolluiscoromina.org\/index.php\/wp-json\/wp\/v2\/media?parent=4036"}],"wp:term":[{"taxonomy":"category","embeddable":true,"href":"http:\/\/fundaciolluiscoromina.org\/index.php\/wp-json\/wp\/v2\/categories?post=4036"},{"taxonomy":"post_tag","embeddable":true,"href":"http:\/\/fundaciolluiscoromina.org\/index.php\/wp-json\/wp\/v2\/tags?post=4036"}],"curies":[{"name":"wp","href":"https:\/\/api.w.org\/{rel}","templated":true}]}}