{"id":4047,"date":"2019-05-27T12:36:51","date_gmt":"2019-05-27T10:36:51","guid":{"rendered":"http:\/\/www.fundaciolluiscoromina.org\/?p=4047"},"modified":"2019-05-27T12:36:51","modified_gmt":"2019-05-27T10:36:51","slug":"lespai-isern-dalmau-de-barcelona-acull-lexposicio-la-ruta-migratoria-una-singularitat-paisatgistica","status":"publish","type":"post","link":"http:\/\/fundaciolluiscoromina.org\/index.php\/2019\/05\/27\/lespai-isern-dalmau-de-barcelona-acull-lexposicio-la-ruta-migratoria-una-singularitat-paisatgistica\/","title":{"rendered":"L\u2019Espai Isern Dalmau de Barcelona acull l\u2019exposici\u00f3 \u2018La ruta migrat\u00f2ria, una singularitat paisatg\u00edstica\u2019"},"content":{"rendered":"<p>El proper dimecres 29 de maig tindr\u00e0 lloc la inauguraci\u00f3 de l\u2019exposici\u00f3 \u2018La ruta migrat\u00f2ria, una singularitat paisatg\u00edstica\u2019 de l\u2019artista cub\u00e0 Javier Balmaseda. L\u2019acte tindr\u00e0 lloc a les 19.30 h a l\u2019Espai Isern Dalmau, la seu de la Fundaci\u00f3 Llu\u00eds Coromina a Barcelona.<\/p>\n<p>Es tracta d\u2019una instal\u00b7laci\u00f3 art\u00edstica d\u2019una gran espectacularitat que reprodueix un fragment de carretera a mida real, i amb unes dimensions totals de 10 metres de llargada per 4 metres d\u2019amplada. La singularitat recau en el fet que l\u2019asfalt est\u00e0 format per milers de crancs negres de cer\u00e0mica amuntegats els uns sobre els altres. Una obra de cr\u00edtica social amb una mirada als actuals \u00e8xodes migratoris.<\/p>\n<p>L\u2019exposici\u00f3 es podr\u00e0 veure fins al 31 de agost a l\u2019Espai Isern Dalmau de Barcelona.<\/p>\n","protected":false},"excerpt":{"rendered":"<p>El proper dimecres 29 de maig tindr\u00e0 lloc la inauguraci\u00f3 de l\u2019exposici\u00f3 \u2018La ruta migrat\u00f2ria, una singularitat paisatg\u00edstica\u2019 de l\u2019artista &#8230;<\/p>\n","protected":false},"author":2,"featured_media":4048,"comment_status":"open","ping_status":"open","sticky":false,"template":"","format":"standard","meta":{"footnotes":""},"categories":[10,228,9],"tags":[],"class_list":["post-4047","post","type-post","status-publish","format-standard","has-post-thumbnail","hentry","category-activitats","category-exposicions-espai-isern-dalmau","category-historic"],"_links":{"self":[{"href":"http:\/\/fundaciolluiscoromina.org\/index.php\/wp-json\/wp\/v2\/posts\/4047","targetHints":{"allow":["GET"]}}],"collection":[{"href":"http:\/\/fundaciolluiscoromina.org\/index.php\/wp-json\/wp\/v2\/posts"}],"about":[{"href":"http:\/\/fundaciolluiscoromina.org\/index.php\/wp-json\/wp\/v2\/types\/post"}],"author":[{"embeddable":true,"href":"http:\/\/fundaciolluiscoromina.org\/index.php\/wp-json\/wp\/v2\/users\/2"}],"replies":[{"embeddable":true,"href":"http:\/\/fundaciolluiscoromina.org\/index.php\/wp-json\/wp\/v2\/comments?post=4047"}],"version-history":[{"count":0,"href":"http:\/\/fundaciolluiscoromina.org\/index.php\/wp-json\/wp\/v2\/posts\/4047\/revisions"}],"wp:attachment":[{"href":"http:\/\/fundaciolluiscoromina.org\/index.php\/wp-json\/wp\/v2\/media?parent=4047"}],"wp:term":[{"taxonomy":"category","embeddable":true,"href":"http:\/\/fundaciolluiscoromina.org\/index.php\/wp-json\/wp\/v2\/categories?post=4047"},{"taxonomy":"post_tag","embeddable":true,"href":"http:\/\/fundaciolluiscoromina.org\/index.php\/wp-json\/wp\/v2\/tags?post=4047"}],"curies":[{"name":"wp","href":"https:\/\/api.w.org\/{rel}","templated":true}]}}